[{"identifier":"92bf66de-48a5-4c49-82ee-521961f7e84c","id":"1775","title":"Evolution de la somme des superficies des sites RAMSAR","created":"2021-10-14","changed":"2021-12-08","themes":"Milieux aquatiques","subject":"Zone humide, Pr\u00e9servation","description":"\u003Cp\u003ELa Convention de Ramsar, est un trait\u00e9 international qui pr\u00f4ne la conservation et l\u2019utilisation rationnelle des \u003Ca href=\u0022http:\/\/www.glossaire-eau.fr\/concept\/zone-humide\u0022\u003Ezones humides\u003C\/a\u003E. C\u2019est le seul trait\u00e9 mondial portant sur un seul \u00e9cosyst\u00e8me. En adh\u00e9rant \u00e0 ce trait\u00e9, les pays membres s\u2019engagent \u00e0 :\u003C\/p\u003E\r\n\r\n\u003Cp\u003E\u2013 Assurer l\u2019utilisation rationnelle de leurs zones humides ;\u003C\/p\u003E\r\n\r\n\u003Cp\u003E\u2013 Inscrire des sites sur la Liste de Ramsar des zones humides d\u2019importance internationale (Sites Ramsar) et veiller \u00e0 leur conservation ;\u003C\/p\u003E\r\n\r\n\u003Cp\u003E\u2013 Coop\u00e9rer pour les zones humides transfronti\u00e8res et autres int\u00e9r\u00eats communs.\u0026nbsp;\u003C\/p\u003E\r\n","licence":"CC BY 3.0 FR","relation":["https:\/\/www.oieau.fr\/node\/12527"],"relation_title":"Nombre de sites Ramsar","creator":"OIEau","publisher":"OIEau","language":"fr","coverage":"France m\u00e9tropolitaine et Drom","source-name":"Ramsar Sites Information Service","situation":"Toujours d\u0027actualit\u00e9","source":["https:\/\/rsis.ramsar.org\/ris-search?f%5B0%5D=regionCountry_en_ss%3AFrance\u0026pagetab=2"],"frequence_maj":"Annuelle","dataset":"[[null,\u0022Somme des superficies des sites\u0022],[\u00221986\u0022,\u002285000\u0022],[\u00221991\u0022,\u0022545305\u0022],[\u00221993\u0022,\u0022770805\u0022],[\u00221994\u0022,\u0022832805\u0022],[\u00221995\u0022,\u0022869755\u0022],[\u00221996\u0022,\u0022906755\u0022],[\u00221998\u0022,\u0022925798\u0022],[\u00222003\u0022,\u0022953214\u0022],[\u00222006\u0022,\u0022965548\u0022],[\u00222007\u0022,\u0022965766\u0022],[\u00222008\u0022,\u00223373841\u0022],[\u00222011\u0022,\u00223588922.7\u0022],[\u00222014\u0022,\u00223632892.7\u0022],[\u00222015\u0022,\u00223642457.16\u0022],[\u00222017\u0022,\u00223720093.16\u0022],[\u00222019\u0022,\u00223720578.16\u0022],[\u00222020\u0022,\u00223748200.16\u0022],[\u00222021\u0022,\u00223751519.16\u0022]]","chart-conf":"{\u0022chart\u0022:{\u0022type\u0022:\u0022spline\u0022,\u0022renderTo\u0022:{\u0022__EV_STORE_KEY@7\u0022:{}}},\u0022xAxis\u0022:[{\u0022type\u0022:\u0022category\u0022,\u0022title\u0022:{},\u0022index\u0022:0,\u0022isX\u0022:true}],\u0022yAxis\u0022:[{\u0022title\u0022:{\u0022text\u0022:\u0022Somme des superficies (en ha)\u0022},\u0022index\u0022:0}],\u0022series\u0022:[{\u0022type\u0022:\u0022spline\u0022,\u0022animation\u0022:false,\u0022data\u0022:[{\u0022y\u0022:85000,\u0022x\u0022:1986},{\u0022y\u0022:545305,\u0022x\u0022:1991},{\u0022y\u0022:770805,\u0022x\u0022:1993},{\u0022y\u0022:832805,\u0022x\u0022:1994},{\u0022y\u0022:869755,\u0022x\u0022:1995},{\u0022y\u0022:906755,\u0022x\u0022:1996},{\u0022y\u0022:925798,\u0022x\u0022:1998},{\u0022y\u0022:953214,\u0022x\u0022:2003},{\u0022y\u0022:965548,\u0022x\u0022:2006},{\u0022y\u0022:965766,\u0022x\u0022:2007},{\u0022y\u0022:3373841,\u0022x\u0022:2008},{\u0022y\u0022:3588922.7,\u0022x\u0022:2011},{\u0022y\u0022:3632892.7,\u0022x\u0022:2014},{\u0022y\u0022:3642457.16,\u0022x\u0022:2015},{\u0022y\u0022:3720093.16,\u0022x\u0022:2017},{\u0022y\u0022:3720578.16,\u0022x\u0022:2019},{\u0022y\u0022:3748200.16,\u0022x\u0022:2020},{\u0022y\u0022:3751519.16,\u0022x\u0022:2021}],\u0022name\u0022:\u0022Somme des superficies des sites\u0022,\u0022_colorIndex\u0022:0,\u0022_symbolIndex\u0022:0}]}","iframe":"\u003Cdiv style=\u0022height:510px;position:relative;\u0022\u003E\u003Cimg style=\u0022display:block;width:100%;height:auto;\u0022 src=\u0022data:image\/gif;base64,R0lGODlhEAAJAIAAAP\/\/\/wAAACH5BAEAAAAALAAAAAAQAAkAAAIKhI+py+0Po5yUFQA7\u0022\/\u003E\u003Ciframe src=\u0022https:\/\/dataviz.oieau.fr\/fr\/node\/1775\/embed?mode=iframe\u0022 scrolling=\u0022no\u0022 frameborder=\u00220\u0022 allowfullscreen style=\u0022overflow:hidden;width:100%;height:100%;position:absolute;top:0;left:0;\u0022\u003E\u003C\/iframe\u003E\u003C\/div\u003E","status":"1","unite":"nombre"},{"identifier":"38832899-b779-4bee-a9ad-b1bcb802fd13","id":"1772","title":"Evolution de la part de la population aliment\u00e9e par une eau conforme","created":"2021-10-14","changed":"2021-12-07","themes":"Eau potable et assainissement","subject":"Eau potable, Qualit\u00e9 de la ressource, Sant\u00e9","description":"\u003Cp\u003ELa qualit\u00e9 de l\u2019eau du robinet est \u00e9valu\u00e9e par rapport \u00e0 des limites et des r\u00e9f\u00e9rences de qualit\u00e9 fix\u00e9es par la r\u00e9glementation pour une soixantaine de param\u00e8tres (\u003Ca href=\u0022http:\/\/www.glossaire-eau.fr\/concept\/qualit%C3%A9-microbiologique\u0022\u003Emicrobiologique\u003C\/a\u003E, bact\u00e9riologiques, physico-chimiques et radiologiques). La fr\u00e9quence du contr\u00f4le sanitaire varie en fonction du volume d\u2019eau distribu\u00e9 par les installations de production et du nombre de personnes aliment\u00e9es par le r\u00e9seau de distribution.\u003C\/p\u003E\r\n\r\n\u003Cp\u003EDes mesures strictes sont pr\u00e9vues par la r\u00e9glementation pour pr\u00e9server la sant\u00e9 de la population lors de d\u00e9passements des limites de qualit\u00e9. En l\u2019absence de consignes particuli\u00e8res de la personne responsable de la production et de distribution de l\u0027eau (PRPDE), du maire ou de l\u2019agence r\u00e9gionale de sant\u00e9 (ARS) (ou \u00e9ventuellement du m\u00e9decin pour les nourrissons), l\u2019eau du robinet peut \u00eatre consomm\u00e9e sans risque par la population.\u0026nbsp;\u003C\/p\u003E\r\n","licence":"CC BY 3.0 FR","relation":["https:\/\/www.oieau.fr\/node\/12799"],"relation_title":"Part de la population aliment\u00e9e par une eau conforme au regard de la microbiologie","creator":"OIEau","publisher":"OIEau","language":"fr","coverage":"France m\u00e9tropolitaine et Drom","source-name":"","situation":"Toujours d\u0027actualit\u00e9","source":[],"frequence_maj":"Annuelle","dataset":"[[null,\u0022Part de la population aliment\u00e9e par une eau conforme au regard des nitrates\u0022,\u0022Part de la population aliment\u00e9e par une eau conforme au regard de la microbiologie\u0022,\u0022Part de la population aliment\u00e9e par une eau conforme au regard des pesticides\u0022],[\u00222012\u0022,\u002299.1\u0022,\u002296.7\u0022,\u002295.5\u0022],[\u00222013\u0022,\u002298.6\u0022,\u002297.2\u0022,\u002293.1\u0022],[\u00222014\u0022,\u002299\u0022,\u002297.1\u0022,\u002294\u0022],[\u00222015\u0022,\u002299.3\u0022,\u002297.6\u0022,\u002296\u0022],[\u00222016\u0022,\u002299.2\u0022,\u002297.5\u0022,\u002286.1\u0022],[\u00222017\u0022,\u002299.4\u0022,\u002297.8\u0022,\u002292.5\u0022],[\u00222018\u0022,\u002299.3\u0022,\u002297.6\u0022,\u002290.6\u0022],[\u00222019\u0022,\u002299.2\u0022,\u002298\u0022,\u002291.9\u0022]]","chart-conf":"{\u0022chart\u0022:{\u0022type\u0022:\u0022column\u0022,\u0022renderTo\u0022:{\u0022__EV_STORE_KEY@7\u0022:{}}},\u0022xAxis\u0022:[{\u0022type\u0022:\u0022category\u0022,\u0022index\u0022:0,\u0022isX\u0022:true}],\u0022yAxis\u0022:[{\u0022title\u0022:{\u0022text\u0022:\u0022Pourcentage\u0022},\u0022max\u0022:100,\u0022index\u0022:0},{\u0022index\u0022:1}],\u0022series\u0022:[{\u0022type\u0022:\u0022column\u0022,\u0022animation\u0022:false,\u0022data\u0022:[{\u0022y\u0022:99.1,\u0022x\u0022:2012},{\u0022y\u0022:98.6,\u0022x\u0022:2013},{\u0022y\u0022:99,\u0022x\u0022:2014},{\u0022y\u0022:99.3,\u0022x\u0022:2015},{\u0022y\u0022:99.2,\u0022x\u0022:2016},{\u0022y\u0022:99.4,\u0022x\u0022:2017},{\u0022y\u0022:99.3,\u0022x\u0022:2018},{\u0022y\u0022:99.2,\u0022x\u0022:2019}],\u0022name\u0022:\u0022Part de la population aliment\u00e9e par une eau conforme au regard des nitrates\u0022,\u0022_colorIndex\u0022:0},{\u0022type\u0022:\u0022column\u0022,\u0022animation\u0022:false,\u0022data\u0022:[{\u0022y\u0022:96.7,\u0022x\u0022:2012},{\u0022y\u0022:97.2,\u0022x\u0022:2013},{\u0022y\u0022:97.1,\u0022x\u0022:2014},{\u0022y\u0022:97.6,\u0022x\u0022:2015},{\u0022y\u0022:97.5,\u0022x\u0022:2016},{\u0022y\u0022:97.8,\u0022x\u0022:2017},{\u0022y\u0022:97.6,\u0022x\u0022:2018},{\u0022y\u0022:98,\u0022x\u0022:2019}],\u0022name\u0022:\u0022Part de la population aliment\u00e9e par une eau conforme au regard de la microbiologie\u0022,\u0022_colorIndex\u0022:1},{\u0022type\u0022:\u0022column\u0022,\u0022animation\u0022:false,\u0022data\u0022:[{\u0022y\u0022:95.5,\u0022x\u0022:2012},{\u0022y\u0022:93.1,\u0022x\u0022:2013},{\u0022y\u0022:94,\u0022x\u0022:2014},{\u0022y\u0022:96,\u0022x\u0022:2015},{\u0022y\u0022:86.1,\u0022x\u0022:2016},{\u0022y\u0022:92.5,\u0022x\u0022:2017},{\u0022y\u0022:90.6,\u0022x\u0022:2018},{\u0022y\u0022:91.9,\u0022x\u0022:2019}],\u0022name\u0022:\u0022Part de la population aliment\u00e9e par une eau conforme au regard des pesticides\u0022,\u0022_colorIndex\u0022:2}]}","iframe":"\u003Cdiv style=\u0022height:510px;position:relative;\u0022\u003E\u003Cimg style=\u0022display:block;width:100%;height:auto;\u0022 src=\u0022data:image\/gif;base64,R0lGODlhEAAJAIAAAP\/\/\/wAAACH5BAEAAAAALAAAAAAQAAkAAAIKhI+py+0Po5yUFQA7\u0022\/\u003E\u003Ciframe src=\u0022https:\/\/dataviz.oieau.fr\/fr\/node\/1772\/embed?mode=iframe\u0022 scrolling=\u0022no\u0022 frameborder=\u00220\u0022 allowfullscreen style=\u0022overflow:hidden;width:100%;height:100%;position:absolute;top:0;left:0;\u0022\u003E\u003C\/iframe\u003E\u003C\/div\u003E","status":"1","unite":"%"},{"identifier":"d9cd9f98-e2dd-459d-82b9-ac90c7cabb96","id":"1770","title":"Evolution des flux de marchandises transport\u00e9es sur le r\u00e9seau fluvial fran\u00e7ais","created":"2021-10-14","changed":"2021-12-08","themes":"Milieux aquatiques","subject":"Transport","description":"\u003Cp\u003ELe r\u00e9seau des \u003Ca href=\u0022http:\/\/www.glossaire-eau.fr\/concept\/voie-navigable\u0022\u003Evoies navigables\u003C\/a\u003E de France est un r\u00e9seau de \u003Ca href=\u0022http:\/\/www.glossaire-eau.fr\/concept\/transport-fluvial\u0022\u003Etransport fluvial\u003C\/a\u003E qui peut-\u00eatre scind\u00e9 en trois types de gabarit (grand, interm\u00e9diaire, petit), d\u00e9finis selon la taille des plus gros bateaux en mesure de l\u2019emprunter (longueur, largeur, tirant d\u2019eau, tirant d\u2019air) et donc leur capacit\u00e9 d\u2019emport des marchandises. Le transport fluvial permet d\u0027importer et d\u0027exporter de nombreux produits et denr\u00e9es alimentaires tels que des produits agricoles, des mat\u00e9riaux de construction, de la m\u00e9tallurgie, des produits p\u00e9troliers, des engrais, des produits chimiques, des conteneurs et des colis lourds, etc.\u003C\/p\u003E\r\n\r\n\u003Cp\u003EEn 2017, la valeur est non connue.\u003C\/p\u003E\r\n","licence":"CC BY 3.0 FR","relation":["https:\/\/www.oieau.fr\/node\/12553"],"relation_title":"Volume de marchandises transport\u00e9es sur le r\u00e9seau fluvial fran\u00e7ais","creator":"OIEau","publisher":"OIEau","language":"fr","coverage":"France m\u00e9tropolitaine","source-name":"VNF","situation":"Toujours d\u0027actualit\u00e9","source":["https:\/\/www.vnf.fr\/vnf\/"],"frequence_maj":"Annuelle","dataset":"[[null,\u0022Importations\u0022,\u0022Exportations\u0022,\u0022Trafics int\u00e9rieurs\u0022],[\u00222015\u0022,\u002211.3\u0022,\u002215.4\u0022,\u002227.3\u0022],[\u00222016\u0022,\u002210.6\u0022,\u002214.8\u0022,\u002227.4\u0022],[\u00222018\u0022,\u00229.0\u0022,\u002214.8\u0022,\u002227.9\u0022],[\u00222019\u0022,\u002210\u0022,\u002215.8\u0022,\u002230.5\u0022]]","chart-conf":"{\u0022chart\u0022:{\u0022type\u0022:\u0022column\u0022,\u0022renderTo\u0022:{\u0022__EV_STORE_KEY@7\u0022:{}}},\u0022xAxis\u0022:[{\u0022type\u0022:\u0022category\u0022,\u0022index\u0022:0,\u0022isX\u0022:true}],\u0022yAxis\u0022:[{\u0022title\u0022:{\u0022text\u0022:\u0022Type de flux (en millions de tonnes)\u0022},\u0022index\u0022:0}],\u0022plotOptions\u0022:{\u0022series\u0022:{\u0022stacking\u0022:\u0022normal\u0022}},\u0022series\u0022:[{\u0022type\u0022:\u0022column\u0022,\u0022animation\u0022:false,\u0022data\u0022:[{\u0022y\u0022:11.3,\u0022x\u0022:2015},{\u0022y\u0022:10.6,\u0022x\u0022:2016},{\u0022y\u0022:9,\u0022x\u0022:2018},{\u0022y\u0022:10,\u0022x\u0022:2019}],\u0022name\u0022:\u0022Importations\u0022,\u0022_colorIndex\u0022:0},{\u0022type\u0022:\u0022column\u0022,\u0022animation\u0022:false,\u0022data\u0022:[{\u0022y\u0022:15.4,\u0022x\u0022:2015},{\u0022y\u0022:14.8,\u0022x\u0022:2016},{\u0022y\u0022:14.8,\u0022x\u0022:2018},{\u0022y\u0022:15.8,\u0022x\u0022:2019}],\u0022name\u0022:\u0022Exportations\u0022,\u0022_colorIndex\u0022:1},{\u0022type\u0022:\u0022column\u0022,\u0022animation\u0022:false,\u0022data\u0022:[{\u0022y\u0022:27.3,\u0022x\u0022:2015},{\u0022y\u0022:27.4,\u0022x\u0022:2016},{\u0022y\u0022:27.9,\u0022x\u0022:2018},{\u0022y\u0022:30.5,\u0022x\u0022:2019}],\u0022name\u0022:\u0022Trafics int\u00e9rieurs\u0022,\u0022_colorIndex\u0022:2}]}","iframe":"\u003Cdiv style=\u0022height:510px;position:relative;\u0022\u003E\u003Cimg style=\u0022display:block;width:100%;height:auto;\u0022 src=\u0022data:image\/gif;base64,R0lGODlhEAAJAIAAAP\/\/\/wAAACH5BAEAAAAALAAAAAAQAAkAAAIKhI+py+0Po5yUFQA7\u0022\/\u003E\u003Ciframe src=\u0022https:\/\/dataviz.oieau.fr\/fr\/node\/1770\/embed?mode=iframe\u0022 scrolling=\u0022no\u0022 frameborder=\u00220\u0022 allowfullscreen style=\u0022overflow:hidden;width:100%;height:100%;position:absolute;top:0;left:0;\u0022\u003E\u003C\/iframe\u003E\u003C\/div\u003E","status":"1","unite":"Mt"},{"identifier":"2c44f196-7208-4545-af14-ac897e54b576","id":"1767","title":"R\u00e9partition de la production d\u0027\u00e9lectricit\u00e9 par fili\u00e8re","created":"2021-10-13","changed":"2021-12-08","themes":"","subject":"Energie","description":"La production d\u0027\u00e9lectricit\u00e9 en France est produite \u00e0 partir de diff\u00e9rentes \u00e9nergies : \r\n- Nucl\u00e9aire ; \r\n- Thermique \u00e0 combustion fossile (charbon, fioul et gaz) ; \r\n- Hydraulique ; \r\n- Eolien ; \r\n- Solaire ; \r\n- Bio\u00e9nergies (biogaz, biomasse, d\u00e9chets de papeteries, d\u00e9chets m\u00e9nagers non renouvelables et d\u00e9chets m\u00e9nagers renouvelables). ","licence":"CC BY 3.0 FR","relation":["https:\/\/www.oieau.fr\/node\/13145"],"relation_title":"Part de la production d\u0027\u00e9lectricit\u00e9 d\u0027origine hydraulique","creator":"OIEau","publisher":"OIEau","language":"fr","coverage":"France m\u00e9tropolitaine","source-name":"Production ","situation":"Toujours d\u0027actualit\u00e9","source":["https:\/\/bilan-electrique-2019.rte-france.com\/production-totale\/"],"frequence_maj":"Annuelle","dataset":"[[null,\u0022Nucl\u00e9aire\u0022,\u0022Thermique\u0022,\u0022Eolien\u0022,\u0022Solaire\u0022,\u0022Hydraulique\u0022,\u0022Bio\u00e9nergies\u0022],[\u00222014\u0022,\u002277\u0022,\u00224.8\u0022,\u00223.2\u0022,\u00221.1\u0022,\u002212.6\u0022,\u00221.4\u0022],[\u00222015\u0022,\u002276.2\u0022,\u00226.3\u0022,\u00223.9\u0022,\u00221.4\u0022,\u002210.8\u0022,\u00221.4\u0022],[\u00222016\u0022,\u002272.3\u0022,\u00228.5\u0022,\u00223.9\u0022,\u00221.6\u0022,\u002212.0\u0022,\u00221.6\u0022],[\u00222017\u0022,\u002271.6\u0022,\u002210.2\u0022,\u00224.6\u0022,\u00221.7\u0022,\u002210.1\u0022,\u00221.8\u0022],[\u00222018\u0022,\u002271.7\u0022,\u00227.1\u0022,\u00225.1\u0022,\u00222.0\u0022,\u002212.4\u0022,\u00221.7\u0022],[\u00222019\u0022,\u002270.6\u0022,\u00227.9\u0022,\u00226.3\u0022,\u00222.2\u0022,\u002211.2\u0022,\u00221.8\u0022],[\u00222020\u0022,\u002267.1\u0022,\u00227.5\u0022,\u00227.9\u0022,\u00222.5\u0022,\u002213.0\u0022,\u00221.9\u0022]]","chart-conf":"{\u0022chart\u0022:{\u0022type\u0022:\u0022column\u0022,\u0022renderTo\u0022:{\u0022__EV_STORE_KEY@7\u0022:{}}},\u0022xAxis\u0022:[{\u0022type\u0022:\u0022category\u0022,\u0022title\u0022:{\u0022text\u0022:\u0022Ann\u00e9e\u0022},\u0022index\u0022:0,\u0022isX\u0022:true}],\u0022yAxis\u0022:[{\u0022title\u0022:{\u0022text\u0022:\u0022Pourcentage de production d\u0027\u00e9lectricit\u00e9\u0022},\u0022index\u0022:0},{\u0022title\u0022:{\u0022text\u0022:\u0022 \u0022},\u0022index\u0022:1}],\u0022plotOptions\u0022:{\u0022series\u0022:{\u0022stacking\u0022:\u0022percent\u0022}},\u0022title\u0022:{\u0022text\u0022:\u0022R\u00e9partition de la production d\u0027\u00e9lectricit\u00e9 par fili\u00e8re\u0022},\u0022series\u0022:[{\u0022type\u0022:\u0022column\u0022,\u0022animation\u0022:false,\u0022data\u0022:[{\u0022y\u0022:77,\u0022x\u0022:2014},{\u0022y\u0022:76.2,\u0022x\u0022:2015},{\u0022y\u0022:72.3,\u0022x\u0022:2016},{\u0022y\u0022:71.6,\u0022x\u0022:2017},{\u0022y\u0022:71.7,\u0022x\u0022:2018},{\u0022y\u0022:70.6,\u0022x\u0022:2019},{\u0022y\u0022:67.1,\u0022x\u0022:2020}],\u0022name\u0022:\u0022Nucl\u00e9aire\u0022,\u0022_colorIndex\u0022:0},{\u0022type\u0022:\u0022column\u0022,\u0022animation\u0022:false,\u0022data\u0022:[{\u0022y\u0022:4.8,\u0022x\u0022:2014},{\u0022y\u0022:6.3,\u0022x\u0022:2015},{\u0022y\u0022:8.5,\u0022x\u0022:2016},{\u0022y\u0022:10.2,\u0022x\u0022:2017},{\u0022y\u0022:7.1,\u0022x\u0022:2018},{\u0022y\u0022:7.9,\u0022x\u0022:2019},{\u0022y\u0022:7.5,\u0022x\u0022:2020}],\u0022name\u0022:\u0022Thermique\u0022,\u0022_colorIndex\u0022:1},{\u0022type\u0022:\u0022column\u0022,\u0022animation\u0022:false,\u0022data\u0022:[{\u0022y\u0022:3.2,\u0022x\u0022:2014},{\u0022y\u0022:3.9,\u0022x\u0022:2015},{\u0022y\u0022:3.9,\u0022x\u0022:2016},{\u0022y\u0022:4.6,\u0022x\u0022:2017},{\u0022y\u0022:5.1,\u0022x\u0022:2018},{\u0022y\u0022:6.3,\u0022x\u0022:2019},{\u0022y\u0022:7.9,\u0022x\u0022:2020}],\u0022name\u0022:\u0022Eolien\u0022,\u0022_colorIndex\u0022:2},{\u0022type\u0022:\u0022column\u0022,\u0022animation\u0022:false,\u0022data\u0022:[{\u0022y\u0022:1.1,\u0022x\u0022:2014},{\u0022y\u0022:1.4,\u0022x\u0022:2015},{\u0022y\u0022:1.6,\u0022x\u0022:2016},{\u0022y\u0022:1.7,\u0022x\u0022:2017},{\u0022y\u0022:2,\u0022x\u0022:2018},{\u0022y\u0022:2.2,\u0022x\u0022:2019},{\u0022y\u0022:2.5,\u0022x\u0022:2020}],\u0022name\u0022:\u0022Solaire\u0022,\u0022_colorIndex\u0022:3},{\u0022type\u0022:\u0022column\u0022,\u0022animation\u0022:false,\u0022data\u0022:[{\u0022y\u0022:12.6,\u0022x\u0022:2014},{\u0022y\u0022:10.8,\u0022x\u0022:2015},{\u0022y\u0022:12,\u0022x\u0022:2016},{\u0022y\u0022:10.1,\u0022x\u0022:2017},{\u0022y\u0022:12.4,\u0022x\u0022:2018},{\u0022y\u0022:11.2,\u0022x\u0022:2019},{\u0022y\u0022:13,\u0022x\u0022:2020}],\u0022name\u0022:\u0022Hydraulique\u0022,\u0022_colorIndex\u0022:4},{\u0022type\u0022:\u0022column\u0022,\u0022animation\u0022:false,\u0022data\u0022:[{\u0022y\u0022:1.4,\u0022x\u0022:2014},{\u0022y\u0022:1.4,\u0022x\u0022:2015},{\u0022y\u0022:1.6,\u0022x\u0022:2016},{\u0022y\u0022:1.8,\u0022x\u0022:2017},{\u0022y\u0022:1.7,\u0022x\u0022:2018},{\u0022y\u0022:1.8,\u0022x\u0022:2019},{\u0022y\u0022:1.9,\u0022x\u0022:2020}],\u0022name\u0022:\u0022Bio\u00e9nergies\u0022,\u0022_colorIndex\u0022:5}]}","iframe":"\u003Cdiv style=\u0022height:510px;position:relative;\u0022\u003E\u003Cimg style=\u0022display:block;width:100%;height:auto;\u0022 src=\u0022data:image\/gif;base64,R0lGODlhEAAJAIAAAP\/\/\/wAAACH5BAEAAAAALAAAAAAQAAkAAAIKhI+py+0Po5yUFQA7\u0022\/\u003E\u003Ciframe src=\u0022https:\/\/dataviz.oieau.fr\/fr\/node\/1767\/embed?mode=iframe\u0022 scrolling=\u0022no\u0022 frameborder=\u00220\u0022 allowfullscreen style=\u0022overflow:hidden;width:100%;height:100%;position:absolute;top:0;left:0;\u0022\u003E\u003C\/iframe\u003E\u003C\/div\u003E","status":"1","unite":"%"},{"identifier":"3c5a78f9-99dc-4c62-b56f-6c2877a16e0d","id":"1766","title":"R\u00e9partition de la qualit\u00e9 des eaux des sites de baignade en Europe","created":"2021-10-13","changed":"2021-10-25","themes":"","subject":"Loisir","description":"\u003Cp\u003ECette \u00e9valuation annuelle des \u003Ca href=\u0022http:\/\/www.glossaire-eau.fr\/concept\/eaux-de-baignade\u0022\u003Eeaux des sites de baignade\u003C\/a\u003E europ\u00e9ens (eaux c\u00f4ti\u00e8res et eaux int\u00e9rieures) indique le degr\u00e9 de rigueur avec lequelles mesures de protection environnementale sont appliqu\u00e9es et permet aux personnes de choisir en connaissance de cause leur destination pour profiter au maximum des eaux int\u00e9rieures et c\u00f4ti\u00e8res de l\u0027Europe.\u003C\/p\u003E\r\n","licence":"CC BY 3.0 FR","relation":["https:\/\/www.oieau.fr\/node\/13121"],"relation_title":"Part des sites de baignade europ\u00e9ens jug\u00e9s conformes","creator":"OIEau","publisher":"OIEau","language":"fr","coverage":"Europe","source-name":"Publications - Qualit\u00e9 des eaux de baignade europ\u00e9ennes","situation":"Toujours d\u0027actualit\u00e9","source":["https:\/\/www.eea.europa.eu\/fr\/publications\/qualite-des-eaux-de-baignade-11"],"frequence_maj":"Annuelle","dataset":"[[null,\u0022Excellent\u0022,\u0022Bonne\u0022,\u0022Suffisante\u0022,\u0022Insuffisante\u0022,\u0022Non class\u00e9\u0022],[\u00222015\u0022,\u002283.8\u0022,\u00229.0\u0022,\u00222.6\u0022,\u00221.8\u0022,\u00222.7\u0022],[\u00222016\u0022,\u002285\u0022,\u00228.4\u0022,\u00222.4\u0022,\u00221.5\u0022,\u00222.7\u0022],[\u00222017\u0022,\u002284.7\u0022,\u00228.6\u0022,\u00222.4\u0022,\u00221.4\u0022,\u00222.9\u0022],[\u00222018\u0022,\u002284.9\u0022,\u00228.0\u0022,\u00222.3\u0022,\u00221.4\u0022,\u00223.4\u0022],[\u00222019\u0022,\u002284.6\u0022,\u00227.9\u0022,\u00222.3\u0022,\u00221.4\u0022,\u00223.8\u0022],[\u00222020\u0022,\u002282.8\u0022,\u00227.6\u0022,\u00222.3\u0022,\u00221.3\u0022,\u00226\u0022]]","chart-conf":"{\u0022chart\u0022:{\u0022type\u0022:\u0022column\u0022,\u0022renderTo\u0022:{\u0022__EV_STORE_KEY@7\u0022:{}}},\u0022xAxis\u0022:[{\u0022type\u0022:\u0022category\u0022,\u0022title\u0022:{\u0022text\u0022:\u0022Ann\u00e9e\u0022},\u0022index\u0022:0,\u0022isX\u0022:true}],\u0022yAxis\u0022:[{\u0022title\u0022:{\u0022text\u0022:\u0022Pourcentage de la qualit\u00e9 des eaux des sites de baignade\u0022},\u0022index\u0022:0}],\u0022plotOptions\u0022:{\u0022series\u0022:{\u0022stacking\u0022:\u0022percent\u0022}},\u0022title\u0022:{\u0022text\u0022:\u0022R\u00e9partition de la qualit\u00e9 des eaux des sites de baignade en Europe\u0022},\u0022colors\u0022:[\u0022#2940e7\u0022,\u0022#1fe836\u0022,\u0022#e98a24\u0022,\u0022#e83a1f\u0022,\u0022#a3a3a3\u0022,\u0022#f15c80\u0022,\u0022#e4d354\u0022,\u0022#2b908f\u0022,\u0022#f45b5b\u0022,\u0022#91e8e1\u0022],\u0022series\u0022:[{\u0022type\u0022:\u0022column\u0022,\u0022animation\u0022:false,\u0022data\u0022:[{\u0022y\u0022:83.8,\u0022x\u0022:2015},{\u0022y\u0022:85,\u0022x\u0022:2016},{\u0022y\u0022:84.7,\u0022x\u0022:2017},{\u0022y\u0022:84.9,\u0022x\u0022:2018},{\u0022y\u0022:84.6,\u0022x\u0022:2019},{\u0022y\u0022:82.8,\u0022x\u0022:2020}],\u0022name\u0022:\u0022Excellent\u0022,\u0022_colorIndex\u0022:0},{\u0022type\u0022:\u0022column\u0022,\u0022animation\u0022:false,\u0022data\u0022:[{\u0022y\u0022:9,\u0022x\u0022:2015},{\u0022y\u0022:8.4,\u0022x\u0022:2016},{\u0022y\u0022:8.6,\u0022x\u0022:2017},{\u0022y\u0022:8,\u0022x\u0022:2018},{\u0022y\u0022:7.9,\u0022x\u0022:2019},{\u0022y\u0022:7.6,\u0022x\u0022:2020}],\u0022name\u0022:\u0022Bonne\u0022,\u0022_colorIndex\u0022:1},{\u0022type\u0022:\u0022column\u0022,\u0022animation\u0022:false,\u0022data\u0022:[{\u0022y\u0022:2.6,\u0022x\u0022:2015},{\u0022y\u0022:2.4,\u0022x\u0022:2016},{\u0022y\u0022:2.4,\u0022x\u0022:2017},{\u0022y\u0022:2.3,\u0022x\u0022:2018},{\u0022y\u0022:2.3,\u0022x\u0022:2019},{\u0022y\u0022:2.3,\u0022x\u0022:2020}],\u0022name\u0022:\u0022Suffisante\u0022,\u0022_colorIndex\u0022:2},{\u0022type\u0022:\u0022column\u0022,\u0022animation\u0022:false,\u0022data\u0022:[{\u0022y\u0022:1.8,\u0022x\u0022:2015},{\u0022y\u0022:1.5,\u0022x\u0022:2016},{\u0022y\u0022:1.4,\u0022x\u0022:2017},{\u0022y\u0022:1.4,\u0022x\u0022:2018},{\u0022y\u0022:1.4,\u0022x\u0022:2019},{\u0022y\u0022:1.3,\u0022x\u0022:2020}],\u0022name\u0022:\u0022Insuffisante\u0022,\u0022_colorIndex\u0022:3},{\u0022type\u0022:\u0022column\u0022,\u0022animation\u0022:false,\u0022data\u0022:[{\u0022y\u0022:2.7,\u0022x\u0022:2015},{\u0022y\u0022:2.7,\u0022x\u0022:2016},{\u0022y\u0022:2.9,\u0022x\u0022:2017},{\u0022y\u0022:3.4,\u0022x\u0022:2018},{\u0022y\u0022:3.8,\u0022x\u0022:2019},{\u0022y\u0022:6,\u0022x\u0022:2020}],\u0022name\u0022:\u0022Non class\u00e9\u0022,\u0022_colorIndex\u0022:4}]}","iframe":"\u003Cdiv style=\u0022height:510px;position:relative;\u0022\u003E\u003Cimg style=\u0022display:block;width:100%;height:auto;\u0022 src=\u0022data:image\/gif;base64,R0lGODlhEAAJAIAAAP\/\/\/wAAACH5BAEAAAAALAAAAAAQAAkAAAIKhI+py+0Po5yUFQA7\u0022\/\u003E\u003Ciframe src=\u0022https:\/\/dataviz.oieau.fr\/fr\/node\/1766\/embed?mode=iframe\u0022 scrolling=\u0022no\u0022 frameborder=\u00220\u0022 allowfullscreen style=\u0022overflow:hidden;width:100%;height:100%;position:absolute;top:0;left:0;\u0022\u003E\u003C\/iframe\u003E\u003C\/div\u003E","status":"1","unite":"%"},{"identifier":"ac1c228a-6868-42a5-9913-a6254818eb32","id":"1765","title":"R\u00e9partition de la qualit\u00e9 des eaux des sites de baignade ","created":"2021-10-13","changed":"2021-12-06","themes":"","subject":"Loisir","description":"\u003Cp\u003EA la fin de la saison baln\u00e9aire 2017, les agences r\u00e9gionales de sant\u00e9 (ARS) ont \u00e9tabli le classement des \u003Ca href=\u0022http:\/\/www.glossaire-eau.fr\/concept\/eaux-de-baignade\u0022\u003Eeaux de baignade\u003C\/a\u003E en fonction des valeurs seuils et imp\u00e9ratives fix\u00e9es par la directive 2006\/7\/CE pour les param\u00e8tres\u0026nbsp; \u003Cem\u003EEscherichia\u0026nbsp;coli \u003C\/em\u003Eet ent\u00e9rocoques intestinaux. Depuis 2013, la m\u00e9thode pr\u00e9vue par la directive 2006\/7\/CE pour calculer la qualit\u00e9 des eaux de baignade est entr\u00e9e en vigueur : l\u2019une des 4 classes de qualit\u00e9 suivantes est attribu\u00e9e \u00e0 l\u0027eau de baignade : \u00ab insuffisante \u00bb, \u00ab suffisante \u00bb, \u00ab bonne \u00bb ou \u00ab excellente \u00bb, en fonction des r\u00e9sultats des analyses obtenues pendant les 4 derni\u00e8res saisons et selon une m\u00e9thode statistique, avec des limites de qualit\u00e9 diff\u00e9rentes entre les eaux douces et les eaux de mer. Par ailleurs, un nombre minimum de 16 pr\u00e9l\u00e8vements et le respect des r\u00e8gles d\u2019\u00e9chantillonnage sont requis afin de pouvoir classer un site de baignade. La cat\u00e9gorie \u0022non class\u00e9\u0022 comprends des cat\u00e9gories suppl\u00e9mentaires :\u003C\/p\u003E\r\n\r\n\u003Cp\u003E- \u00ab Nouvelle baignade \u00bb : nouveau site pour lequel moins de 16 pr\u00e9l\u00e8vements ont \u00e9t\u00e9 r\u00e9alis\u00e9s,\u003C\/p\u003E\r\n\r\n\u003Cp\u003E- \u00ab Changements \u00bb : site dont la qualit\u00e9 de l\u2019eau s\u2019est am\u00e9lior\u00e9e suite \u00e0 la r\u00e9alisation de travaux, les pr\u00e9l\u00e8vements r\u00e9alis\u00e9s avant ces travaux ne sont alors plus pris en compte dans le calcul du classement,\u003C\/p\u003E\r\n\r\n\u003Cp\u003E- \u00ab Insuffisamment de pr\u00e9l\u00e8vements \u00bb : site pour lequel les r\u00e8gles d\u2019\u00e9chantillonnage n\u2019ont pas \u00e9t\u00e9 respect\u00e9es (nombre de pr\u00e9l\u00e8vements insuffisant, pas de pr\u00e9l\u00e8vement pr\u00e9-saison ou \u00e9cart entre deux pr\u00e9l\u00e8vements cons\u00e9cutifs sup\u00e9rieur \u00e0 un mois).\u003C\/p\u003E\r\n","licence":"CC BY 3.0 FR","relation":["https:\/\/www.oieau.fr\/node\/8560"],"relation_title":"Part des sites de baignade jug\u00e9s conformes","creator":"OIEau","publisher":"OIEau","language":"fr","coverage":"France m\u00e9tropolitaine et Drom","source-name":"Eaux de baignade - Actualit\u00e9s","situation":"Toujours d\u0027actualit\u00e9","source":["https:\/\/baignades.sante.gouv.fr\/baignades\/editorial\/fr\/actualites\/actualites.html"],"frequence_maj":"Annuelle","dataset":"[[null,\u0022Excellent\u0022,\u0022Bon\u0022,\u0022Suffisant\u0022,\u0022Insuffisant\u0022,\u0022Non class\u00e9\u0022],[\u00222011\u0022,\u002267.74\u0022,\u002229.49\u0022,\u00222.82\u0022,\u00220.09\u0022,\u00220.30\u0022],[\u00222012\u0022,\u0022\u0022,null,null,null,null],[\u00222013\u0022,\u002272.4\u0022,\u002215.4\u0022,\u00223.4\u0022,\u00223.5\u0022,\u00225.1\u0022],[\u00222014\u0022,\u002274.6\u0022,\u002215.9\u0022,\u00223.6\u0022,\u00223.1\u0022,\u00222.7\u0022],[\u00222015\u0022,\u002275.8\u0022,\u002215.1\u0022,\u00224.3\u0022,\u00222.9\u0022,\u00221.8\u0022],[\u00222016\u0022,\u002277.2\u0022,\u002214.4\u0022,\u00223.8\u0022,\u00222.5\u0022,\u00221.8\u0022],[\u00222017\u0022,\u002278.4\u0022,\u002213.3\u0022,\u00223.8\u0022,\u00222.4\u0022,\u00222.1\u0022],[\u00222018\u0022,\u002279.3\u0022,\u002213.9\u0022,\u00223.5\u0022,\u00221.6\u0022,\u00221.7\u0022],[\u00222019\u0022,\u002279.5\u0022,\u002213.2\u0022,\u00223\u0022,\u00222.1\u0022,\u00222.2\u0022],[\u00222020\u0022,\u002277.5\u0022,\u002214.2\u0022,\u00223.4\u0022,\u00222.3\u0022,\u00222.6\u0022]]","chart-conf":"{\u0022chart\u0022:{\u0022type\u0022:\u0022column\u0022,\u0022renderTo\u0022:{\u0022__EV_STORE_KEY@7\u0022:{}}},\u0022xAxis\u0022:[{\u0022type\u0022:\u0022category\u0022,\u0022title\u0022:{\u0022text\u0022:\u0022Ann\u00e9e\u0022},\u0022index\u0022:0,\u0022isX\u0022:true}],\u0022yAxis\u0022:[{\u0022title\u0022:{\u0022text\u0022:\u0022Pourcentage de la qualit\u00e9 des eaux des sites de baignade \u0022},\u0022index\u0022:0}],\u0022plotOptions\u0022:{\u0022series\u0022:{\u0022stacking\u0022:\u0022percent\u0022}},\u0022title\u0022:{\u0022text\u0022:\u0022R\u00e9partition de la qualit\u00e9 des eaux des sites de baignade \u0022},\u0022colors\u0022:[\u0022#361fdb\u0022,\u0022#1fe836\u0022,\u0022#e98a24\u0022,\u0022#e83a1f\u0022,\u0022#a3a3a3\u0022,\u0022#f15c80\u0022,\u0022#e4d354\u0022,\u0022#2b908f\u0022,\u0022#f45b5b\u0022,\u0022#91e8e1\u0022],\u0022series\u0022:[{\u0022type\u0022:\u0022column\u0022,\u0022animation\u0022:false,\u0022data\u0022:[{\u0022y\u0022:67.74,\u0022x\u0022:2011},{\u0022y\u0022:null,\u0022x\u0022:2012},{\u0022y\u0022:72.4,\u0022x\u0022:2013},{\u0022y\u0022:74.6,\u0022x\u0022:2014},{\u0022y\u0022:75.8,\u0022x\u0022:2015},{\u0022y\u0022:77.2,\u0022x\u0022:2016},{\u0022y\u0022:78.4,\u0022x\u0022:2017},{\u0022y\u0022:79.3,\u0022x\u0022:2018},{\u0022y\u0022:79.5,\u0022x\u0022:2019},{\u0022y\u0022:77.5,\u0022x\u0022:2020}],\u0022name\u0022:\u0022Excellent\u0022,\u0022_colorIndex\u0022:0},{\u0022type\u0022:\u0022column\u0022,\u0022animation\u0022:false,\u0022data\u0022:[{\u0022y\u0022:29.49,\u0022x\u0022:2011},{\u0022y\u0022:null,\u0022x\u0022:2012},{\u0022y\u0022:15.4,\u0022x\u0022:2013},{\u0022y\u0022:15.9,\u0022x\u0022:2014},{\u0022y\u0022:15.1,\u0022x\u0022:2015},{\u0022y\u0022:14.4,\u0022x\u0022:2016},{\u0022y\u0022:13.3,\u0022x\u0022:2017},{\u0022y\u0022:13.9,\u0022x\u0022:2018},{\u0022y\u0022:13.2,\u0022x\u0022:2019},{\u0022y\u0022:14.2,\u0022x\u0022:2020}],\u0022name\u0022:\u0022Bon\u0022,\u0022_colorIndex\u0022:1},{\u0022type\u0022:\u0022column\u0022,\u0022animation\u0022:false,\u0022data\u0022:[{\u0022y\u0022:2.82,\u0022x\u0022:2011},{\u0022y\u0022:null,\u0022x\u0022:2012},{\u0022y\u0022:3.4,\u0022x\u0022:2013},{\u0022y\u0022:3.6,\u0022x\u0022:2014},{\u0022y\u0022:4.3,\u0022x\u0022:2015},{\u0022y\u0022:3.8,\u0022x\u0022:2016},{\u0022y\u0022:3.8,\u0022x\u0022:2017},{\u0022y\u0022:3.5,\u0022x\u0022:2018},{\u0022y\u0022:3,\u0022x\u0022:2019},{\u0022y\u0022:3.4,\u0022x\u0022:2020}],\u0022name\u0022:\u0022Suffisant\u0022,\u0022_colorIndex\u0022:2},{\u0022type\u0022:\u0022column\u0022,\u0022animation\u0022:false,\u0022data\u0022:[{\u0022y\u0022:0.09,\u0022x\u0022:2011},{\u0022y\u0022:null,\u0022x\u0022:2012},{\u0022y\u0022:3.5,\u0022x\u0022:2013},{\u0022y\u0022:3.1,\u0022x\u0022:2014},{\u0022y\u0022:2.9,\u0022x\u0022:2015},{\u0022y\u0022:2.5,\u0022x\u0022:2016},{\u0022y\u0022:2.4,\u0022x\u0022:2017},{\u0022y\u0022:1.6,\u0022x\u0022:2018},{\u0022y\u0022:2.1,\u0022x\u0022:2019},{\u0022y\u0022:2.3,\u0022x\u0022:2020}],\u0022name\u0022:\u0022Insuffisant\u0022,\u0022_colorIndex\u0022:3},{\u0022type\u0022:\u0022column\u0022,\u0022animation\u0022:false,\u0022data\u0022:[{\u0022y\u0022:0.3,\u0022x\u0022:2011},{\u0022y\u0022:null,\u0022x\u0022:2012},{\u0022y\u0022:5.1,\u0022x\u0022:2013},{\u0022y\u0022:2.7,\u0022x\u0022:2014},{\u0022y\u0022:1.8,\u0022x\u0022:2015},{\u0022y\u0022:1.8,\u0022x\u0022:2016},{\u0022y\u0022:2.1,\u0022x\u0022:2017},{\u0022y\u0022:1.7,\u0022x\u0022:2018},{\u0022y\u0022:2.2,\u0022x\u0022:2019},{\u0022y\u0022:2.6,\u0022x\u0022:2020}],\u0022name\u0022:\u0022Non class\u00e9\u0022,\u0022_colorIndex\u0022:4}]}","iframe":"\u003Cdiv style=\u0022height:510px;position:relative;\u0022\u003E\u003Cimg style=\u0022display:block;width:100%;height:auto;\u0022 src=\u0022data:image\/gif;base64,R0lGODlhEAAJAIAAAP\/\/\/wAAACH5BAEAAAAALAAAAAAQAAkAAAIKhI+py+0Po5yUFQA7\u0022\/\u003E\u003Ciframe src=\u0022https:\/\/dataviz.oieau.fr\/fr\/node\/1765\/embed?mode=iframe\u0022 scrolling=\u0022no\u0022 frameborder=\u00220\u0022 allowfullscreen style=\u0022overflow:hidden;width:100%;height:100%;position:absolute;top:0;left:0;\u0022\u003E\u003C\/iframe\u003E\u003C\/div\u003E","status":"1","unite":"%"},{"identifier":"dfe7c290-bff3-47b9-b57e-481c40c2884a","id":"1761","title":"Evolution des donn\u00e9es d\u0027hydromorphologie","created":"2021-10-13","changed":"2021-12-07","themes":"Milieux aquatiques","subject":"Cours d\u0026#039;eau, Hydromorphologie","description":"\u003Cp\u003ELes donn\u00e9es \u003Ca href=\u0022http:\/\/www.glossaire-eau.fr\/concept\/hydromorphologie\u0022\u003Ed\u0027hydromorphologie \u003C\/a\u003Esont relev\u00e9es selon le protocole Carhyce. Ce protocole permet de d\u00e9crire la morphologie et les s\u00e9diments du lit ainsi que la structure de la v\u00e9g\u00e9tation du corridor rivulaire et des berges d\u0027une station d\u0027\u00e9tude.\u003C\/p\u003E\r\n\r\n\u003Cp\u003ELa description de la morphologie et des s\u00e9diments du lit comprend un ensemble de donn\u00e9es permettant de reconstituer la g\u00e9om\u00e9trie du cours d\u0027eau en trois dimensions. Elle repose sur la description :\u003C\/p\u003E\r\n\r\n\u003Cp\u003E- de transects : lignes virtuelles perpendiculaires au sens de l\u0027\u00e9coulement ;\u003C\/p\u003E\r\n\r\n\u003Cp\u003E- de points (ou points de mesure) : rep\u00e8res espac\u00e9s r\u00e9guli\u00e8rement le long de chaque transect dont la profondeur est mesur\u00e9 et le substrat relev\u00e9 en fonction d\u0027une typologie de taille de s\u00e9diment ;\u003C\/p\u003E\r\n\r\n\u003Cp\u003E- de donn\u00e9es de l\u0027op\u00e9ration : donn\u00e9es descriptives de l\u0027\u00e9coulement de la station (pente, d\u00e9bit, etc.) accompagnant les \u00e9l\u00e9ments de bathym\u00e9trie mesur\u00e9s pr\u00e9c\u00e9demment ;\u003C\/p\u003E\r\n\r\n\u003Cp\u003E- de donn\u00e9es de granulom\u00e9trie : relev\u00e9 syst\u00e9matique de la taille de 100 s\u00e9diments sur un radier.\u003C\/p\u003E\r\n","licence":"CC BY 3.0 FR","relation":["https:\/\/www.oieau.fr\/node\/14056"],"relation_title":"Nombre de stations hydromorphologiques","creator":"OIEau","publisher":"OIEau","language":"fr","coverage":"France m\u00e9tropolitaine et Drom","source-name":"","situation":"Toujours d\u0027actualit\u00e9","source":[],"frequence_maj":"Annuelle","dataset":"[[null,\u0022Nombre de stations hydromorphologiques\u0022,\u0022Nombre d\u0027op\u00e9ration de pr\u00e9l\u00e8vements\u0022],[\u00222008\u0022,\u00221\u0022,\u00221\u0022],[\u00222009\u0022,\u0022229\u0022,\u0022230\u0022],[\u00222010\u0022,\u0022301\u0022,\u0022302\u0022],[\u00222011\u0022,\u0022290\u0022,\u0022292\u0022],[\u00222012\u0022,\u0022318\u0022,\u0022322\u0022],[\u00222013\u0022,\u0022327\u0022,\u0022333\u0022],[\u00222014\u0022,\u0022301\u0022,\u0022308\u0022],[\u00222015\u0022,\u0022346\u0022,\u0022352\u0022],[\u00222016\u0022,\u0022359\u0022,\u0022360\u0022],[\u00222017\u0022,\u0022323\u0022,\u0022328\u0022],[\u00222018\u0022,\u0022326\u0022,\u0022327\u0022],[\u00222019\u0022,\u0022301\u0022,\u0022304\u0022],[\u00222020\u0022,\u0022180\u0022,\u0022184\u0022]]","chart-conf":"{\u0022chart\u0022:{\u0022type\u0022:\u0022column\u0022,\u0022renderTo\u0022:{\u0022__EV_STORE_KEY@7\u0022:{}}},\u0022xAxis\u0022:[{\u0022type\u0022:\u0022category\u0022,\u0022index\u0022:0,\u0022isX\u0022:true}],\u0022yAxis\u0022:[{\u0022index\u0022:0,\u0022title\u0022:{\u0022text\u0022:\u0022Nombre\u0022}}],\u0022series\u0022:[{\u0022type\u0022:\u0022column\u0022,\u0022animation\u0022:false,\u0022data\u0022:[{\u0022y\u0022:1,\u0022x\u0022:2008},{\u0022y\u0022:229,\u0022x\u0022:2009},{\u0022y\u0022:301,\u0022x\u0022:2010},{\u0022y\u0022:290,\u0022x\u0022:2011},{\u0022y\u0022:318,\u0022x\u0022:2012},{\u0022y\u0022:327,\u0022x\u0022:2013},{\u0022y\u0022:301,\u0022x\u0022:2014},{\u0022y\u0022:346,\u0022x\u0022:2015},{\u0022y\u0022:359,\u0022x\u0022:2016},{\u0022y\u0022:323,\u0022x\u0022:2017},{\u0022y\u0022:326,\u0022x\u0022:2018},{\u0022y\u0022:301,\u0022x\u0022:2019},{\u0022y\u0022:180,\u0022x\u0022:2020}],\u0022name\u0022:\u0022Nombre de stations hydromorphologiques\u0022,\u0022_colorIndex\u0022:0},{\u0022type\u0022:\u0022column\u0022,\u0022animation\u0022:false,\u0022data\u0022:[{\u0022y\u0022:1,\u0022x\u0022:2008},{\u0022y\u0022:230,\u0022x\u0022:2009},{\u0022y\u0022:302,\u0022x\u0022:2010},{\u0022y\u0022:292,\u0022x\u0022:2011},{\u0022y\u0022:322,\u0022x\u0022:2012},{\u0022y\u0022:333,\u0022x\u0022:2013},{\u0022y\u0022:308,\u0022x\u0022:2014},{\u0022y\u0022:352,\u0022x\u0022:2015},{\u0022y\u0022:360,\u0022x\u0022:2016},{\u0022y\u0022:328,\u0022x\u0022:2017},{\u0022y\u0022:327,\u0022x\u0022:2018},{\u0022y\u0022:304,\u0022x\u0022:2019},{\u0022y\u0022:184,\u0022x\u0022:2020}],\u0022name\u0022:\u0022Nombre d\u0027op\u00e9ration de pr\u00e9l\u00e8vement\u0022,\u0022_colorIndex\u0022:1}]}","iframe":"\u003Cdiv style=\u0022height:510px;position:relative;\u0022\u003E\u003Cimg style=\u0022display:block;width:100%;height:auto;\u0022 src=\u0022data:image\/gif;base64,R0lGODlhEAAJAIAAAP\/\/\/wAAACH5BAEAAAAALAAAAAAQAAkAAAIKhI+py+0Po5yUFQA7\u0022\/\u003E\u003Ciframe src=\u0022https:\/\/dataviz.oieau.fr\/fr\/node\/1761\/embed?mode=iframe\u0022 scrolling=\u0022no\u0022 frameborder=\u00220\u0022 allowfullscreen style=\u0022overflow:hidden;width:100%;height:100%;position:absolute;top:0;left:0;\u0022\u003E\u003C\/iframe\u003E\u003C\/div\u003E","status":"1","unite":"nombre"},{"identifier":"c42f7b36-83fa-44a0-9d23-a17360fcdaba","id":"1760","title":"Nombre d\u0027obstacles \u00e0 l\u0027\u00e9coulement recens\u00e9s","created":"2021-10-13","changed":"2021-10-14","themes":"Milieux aquatiques","subject":"Artificialisation, Continuit\u00e9 \u00e9cologique","description":"\u003Cp\u003EUn \u003Ca href=\u0022http:\/\/www.glossaire-eau.fr\/concept\/obstacle-a-lecoulement\u0022\u003Eobstacle \u00e0 l\u2019\u00e9coulement\u003C\/a\u003E est un ouvrage li\u00e9 \u00e0 l\u2019eau qui est \u00e0 l\u2019origine d\u2019une modification de l\u2019\u00e9coulement des\u003Ca href=\u0022http:\/\/www.glossaire-eau.fr\/concept\/eaux-de-surface\u0022\u003E eaux de surface\u003C\/a\u003E (dans les \u003Ca href=\u0022http:\/\/www.glossaire-eau.fr\/concept\/talweg\u0022\u003Etalwegs\u003C\/a\u003E, \u003Ca href=\u0022http:\/\/www.glossaire-eau.fr\/concept\/lit-mineur\u0022\u003Elits mineurs \u003C\/a\u003Eet \u003Ca href=\u0022http:\/\/www.glossaire-eau.fr\/concept\/lit-majeur\u0022\u003Emajeurs \u003C\/a\u003Ede cours d\u0027eau et zones de submersion marine). Seuls les obstacles artificiels (provenant de l\u2019activit\u00e9 humaine) sont pris en compte.\u003C\/p\u003E\r\n","licence":"CC BY 3.0 FR","relation":["https:\/\/www.oieau.fr\/node\/12725"],"relation_title":"Nombre d\u0027obstacles \u00e0 l\u0027\u00e9coulement recens\u00e9s","creator":"OIEau","publisher":"OIEau","language":"fr","coverage":"France m\u00e9tropolitaine et Drom","source-name":"SANDRE - R\u00e9f\u00e9rentiel des ouvrages faisant obstacle \u00e0 l\u2019\u00e9coulement","situation":"Toujours d\u0027actualit\u00e9","source":["https:\/\/www.sandre.eaufrance.fr\/atlas\/srv\/fre\/catalog.search#\/metadata\/5a2cdc66-36be-4bc7-be00-e04736bc7ba6"],"frequence_maj":"Annuelle","dataset":"[[\u0022\u0022,\u0022M\u00e9tropole\u0022,\u0022Guadeloupe\u0022,\u0022Guyane\u0022,\u0022Mayotte\u0022,\u0022R\u00e9union\u0022],[\u00222018\u0022,\u002299712\u0022,\u0022117\u0022,\u0022416\u0022,\u0022382\u0022,\u0022133\u0022],[\u00222019\u0022,\u002299003\u0022,\u0022113\u0022,\u0022419\u0022,\u002258\u0022,\u0022133\u0022],[\u00222020\u0022,\u0022103219\u0022,\u0022113\u0022,\u0022554\u0022,\u002258\u0022,\u0022133\u0022]]","chart-conf":"{\u0022chart\u0022:{\u0022type\u0022:\u0022column\u0022,\u0022renderTo\u0022:{\u0022__EV_STORE_KEY@7\u0022:{}}},\u0022xAxis\u0022:[{\u0022type\u0022:\u0022category\u0022,\u0022title\u0022:{\u0022text\u0022:\u0022Ann\u00e9e\u0022},\u0022index\u0022:0,\u0022isX\u0022:true}],\u0022yAxis\u0022:[{\u0022type\u0022:\u0022logarithmic\u0022,\u0022minorTickInterval\u0022:\u0022auto\u0022,\u0022title\u0022:{\u0022text\u0022:\u0022Nombre d\u0027obstacles \u00e0 l\u0027\u00e9coulement\u0022},\u0022index\u0022:0}],\u0022series\u0022:[{\u0022type\u0022:\u0022column\u0022,\u0022animation\u0022:false,\u0022data\u0022:[{\u0022y\u0022:99712,\u0022x\u0022:2018},{\u0022y\u0022:99003,\u0022x\u0022:2019},{\u0022y\u0022:103219,\u0022x\u0022:2020}],\u0022name\u0022:\u0022M\u00e9tropole\u0022,\u0022_colorIndex\u0022:0},{\u0022type\u0022:\u0022column\u0022,\u0022animation\u0022:false,\u0022data\u0022:[{\u0022y\u0022:117,\u0022x\u0022:2018},{\u0022y\u0022:113,\u0022x\u0022:2019},{\u0022y\u0022:113,\u0022x\u0022:2020}],\u0022name\u0022:\u0022Guadeloupe\u0022,\u0022_colorIndex\u0022:1},{\u0022type\u0022:\u0022column\u0022,\u0022animation\u0022:false,\u0022data\u0022:[{\u0022y\u0022:416,\u0022x\u0022:2018},{\u0022y\u0022:419,\u0022x\u0022:2019},{\u0022y\u0022:554,\u0022x\u0022:2020}],\u0022name\u0022:\u0022Guyane\u0022,\u0022_colorIndex\u0022:2},{\u0022type\u0022:\u0022column\u0022,\u0022animation\u0022:false,\u0022data\u0022:[{\u0022y\u0022:382,\u0022x\u0022:2018},{\u0022y\u0022:58,\u0022x\u0022:2019},{\u0022y\u0022:58,\u0022x\u0022:2020}],\u0022name\u0022:\u0022Mayotte\u0022,\u0022_colorIndex\u0022:3},{\u0022type\u0022:\u0022column\u0022,\u0022animation\u0022:false,\u0022data\u0022:[{\u0022y\u0022:133,\u0022x\u0022:2018},{\u0022y\u0022:133,\u0022x\u0022:2019},{\u0022y\u0022:133,\u0022x\u0022:2020}],\u0022name\u0022:\u0022R\u00e9union\u0022,\u0022_colorIndex\u0022:4}]}","iframe":"\u003Cdiv style=\u0022height:510px;position:relative;\u0022\u003E\u003Cimg style=\u0022display:block;width:100%;height:auto;\u0022 src=\u0022data:image\/gif;base64,R0lGODlhEAAJAIAAAP\/\/\/wAAACH5BAEAAAAALAAAAAAQAAkAAAIKhI+py+0Po5yUFQA7\u0022\/\u003E\u003Ciframe src=\u0022https:\/\/dataviz.oieau.fr\/fr\/node\/1760\/embed?mode=iframe\u0022 scrolling=\u0022no\u0022 frameborder=\u00220\u0022 allowfullscreen style=\u0022overflow:hidden;width:100%;height:100%;position:absolute;top:0;left:0;\u0022\u003E\u003C\/iframe\u003E\u003C\/div\u003E","status":"1","unite":"nombre"},{"identifier":"f18faa8c-7ea9-4410-b67c-207ba0db6257","id":"1759","title":"Evolution de la r\u00e9partition des p\u00eacheurs par type de carte","created":"2021-10-12","changed":"2021-12-08","themes":"Milieux aquatiques","subject":"P\u00eache et aquaculture, Loisir","description":"\u003Cp\u003ELa \u003Ca href=\u0022http:\/\/www.glossaire-eau.fr\/concept\/federation-nationale-de-la-peche-en-france\u0022\u003EF\u00e9d\u00e9ration Nationale de la p\u00eache en France\u003C\/a\u003E\u0026nbsp;(FNPF) recense le nombre d\u0027association de p\u00eache d\u0027eau douce en France m\u00e9tropolitaine. En prenant une carte de p\u00eache, chaque p\u00eacheur adh\u00e8re automatiquement \u00e0 une Association Agr\u00e9\u00e9e pour la P\u00eache et la Protection du Milieu Aquatique (AAPPMA) et acquitte par la m\u00eame occasion la Cotisation P\u00eache et Milieu Aquatique (CPMA).\u003C\/p\u003E\r\n","licence":"CC BY 3.0 FR","relation":["https:\/\/www.oieau.fr\/node\/12737"],"relation_title":"Nombre d\u0027associations de p\u00eache","creator":"OIEau","publisher":"OIEau","language":"fr","coverage":"France m\u00e9tropolitaine","source-name":"Rapport annuel d\u0026#039;activit\u00e9","situation":"Toujours d\u0027actualit\u00e9","source":["https:\/\/www.federationpeche.fr\/167-rapport-annuels-d-activite.htm"],"frequence_maj":"Annuelle","dataset":"[[null,\u0022Majeure\u0022,\u0022Femme\u0022,\u0022Mineure\u0022,\u0022Moins de 12 ans\u0022,\u0022Journali\u00e8re\u0022,\u0022Hebdomadaire\u0022,\u0022Engins et filets\u0022],[\u00222015\u0022,\u0022819505\u0022,\u002251656\u0022,\u0022134926\u0022,\u0022227646\u0022,\u0022266145\u0022,\u002255099\u0022,\u00224294\u0022],[\u00222016\u0022,\u0022801989\u0022,\u002250746\u0022,\u0022133156\u0022,\u0022215637\u0022,\u0022366386\u0022,\u002255397\u0022,\u00224179\u0022],[\u00222017\u0022,\u0022798682\u0022,\u002252770\u0022,\u0022132119\u0022,\u0022215226\u0022,\u0022269582\u0022,\u002256015\u0022,\u00224058\u0022],[\u00222018\u0022,\u0022761199\u0022,\u002251152\u0022,\u0022122832\u0022,\u0022199911\u0022,\u0022265479\u0022,\u002255496\u0022,\u00223870\u0022],[\u00222019\u0022,\u0022753014\u0022,\u002250972\u0022,\u0022117004\u0022,\u0022185121\u0022,\u0022252203\u0022,\u002256049\u0022,\u00223792\u0022],[\u00222020\u0022,\u0022732279\u0022,\u002252684\u0022,\u0022129751\u0022,\u0022192550\u0022,\u0022303122\u0022,\u002256293\u0022,\u00223514\u0022]]","chart-conf":"{\u0022chart\u0022:{\u0022type\u0022:\u0022column\u0022,\u0022renderTo\u0022:{\u0022__EV_STORE_KEY@7\u0022:{}}},\u0022xAxis\u0022:[{\u0022type\u0022:\u0022category\u0022,\u0022index\u0022:0,\u0022isX\u0022:true}],\u0022yAxis\u0022:[{\u0022index\u0022:0}],\u0022plotOptions\u0022:{\u0022series\u0022:{\u0022stacking\u0022:\u0022percent\u0022}},\u0022series\u0022:[{\u0022type\u0022:\u0022column\u0022,\u0022animation\u0022:false,\u0022data\u0022:[{\u0022y\u0022:819505,\u0022x\u0022:2015},{\u0022y\u0022:801989,\u0022x\u0022:2016},{\u0022y\u0022:798682,\u0022x\u0022:2017},{\u0022y\u0022:761199,\u0022x\u0022:2018},{\u0022y\u0022:753014,\u0022x\u0022:2019},{\u0022y\u0022:732279,\u0022x\u0022:2020}],\u0022name\u0022:\u0022Majeure\u0022,\u0022_colorIndex\u0022:0},{\u0022type\u0022:\u0022column\u0022,\u0022animation\u0022:false,\u0022data\u0022:[{\u0022y\u0022:51656,\u0022x\u0022:2015},{\u0022y\u0022:50746,\u0022x\u0022:2016},{\u0022y\u0022:52770,\u0022x\u0022:2017},{\u0022y\u0022:51152,\u0022x\u0022:2018},{\u0022y\u0022:50972,\u0022x\u0022:2019},{\u0022y\u0022:52684,\u0022x\u0022:2020}],\u0022name\u0022:\u0022Femme\u0022,\u0022_colorIndex\u0022:1},{\u0022type\u0022:\u0022column\u0022,\u0022animation\u0022:false,\u0022data\u0022:[{\u0022y\u0022:134926,\u0022x\u0022:2015},{\u0022y\u0022:133156,\u0022x\u0022:2016},{\u0022y\u0022:132119,\u0022x\u0022:2017},{\u0022y\u0022:122832,\u0022x\u0022:2018},{\u0022y\u0022:117004,\u0022x\u0022:2019},{\u0022y\u0022:129751,\u0022x\u0022:2020}],\u0022name\u0022:\u0022Mineure\u0022,\u0022_colorIndex\u0022:2},{\u0022type\u0022:\u0022column\u0022,\u0022animation\u0022:false,\u0022data\u0022:[{\u0022y\u0022:227646,\u0022x\u0022:2015},{\u0022y\u0022:215637,\u0022x\u0022:2016},{\u0022y\u0022:215226,\u0022x\u0022:2017},{\u0022y\u0022:199911,\u0022x\u0022:2018},{\u0022y\u0022:185121,\u0022x\u0022:2019},{\u0022y\u0022:192550,\u0022x\u0022:2020}],\u0022name\u0022:\u0022Moins de 12 ans\u0022,\u0022_colorIndex\u0022:3},{\u0022type\u0022:\u0022column\u0022,\u0022animation\u0022:false,\u0022data\u0022:[{\u0022y\u0022:266145,\u0022x\u0022:2015},{\u0022y\u0022:366386,\u0022x\u0022:2016},{\u0022y\u0022:269582,\u0022x\u0022:2017},{\u0022y\u0022:265479,\u0022x\u0022:2018},{\u0022y\u0022:252203,\u0022x\u0022:2019},{\u0022y\u0022:303122,\u0022x\u0022:2020}],\u0022name\u0022:\u0022Journali\u00e8re\u0022,\u0022_colorIndex\u0022:4},{\u0022type\u0022:\u0022column\u0022,\u0022animation\u0022:false,\u0022data\u0022:[{\u0022y\u0022:55099,\u0022x\u0022:2015},{\u0022y\u0022:55397,\u0022x\u0022:2016},{\u0022y\u0022:56015,\u0022x\u0022:2017},{\u0022y\u0022:55496,\u0022x\u0022:2018},{\u0022y\u0022:56049,\u0022x\u0022:2019},{\u0022y\u0022:56293,\u0022x\u0022:2020}],\u0022name\u0022:\u0022Hebdomadaire\u0022,\u0022_colorIndex\u0022:5},{\u0022type\u0022:\u0022column\u0022,\u0022animation\u0022:false,\u0022data\u0022:[{\u0022y\u0022:4294,\u0022x\u0022:2015},{\u0022y\u0022:4179,\u0022x\u0022:2016},{\u0022y\u0022:4058,\u0022x\u0022:2017},{\u0022y\u0022:3870,\u0022x\u0022:2018},{\u0022y\u0022:3792,\u0022x\u0022:2019},{\u0022y\u0022:3514,\u0022x\u0022:2020}],\u0022name\u0022:\u0022Engins et filets\u0022,\u0022_colorIndex\u0022:6}]}","iframe":"\u003Cdiv style=\u0022height:510px;position:relative;\u0022\u003E\u003Cimg style=\u0022display:block;width:100%;height:auto;\u0022 src=\u0022data:image\/gif;base64,R0lGODlhEAAJAIAAAP\/\/\/wAAACH5BAEAAAAALAAAAAAQAAkAAAIKhI+py+0Po5yUFQA7\u0022\/\u003E\u003Ciframe src=\u0022https:\/\/dataviz.oieau.fr\/fr\/node\/1759\/embed?mode=iframe\u0022 scrolling=\u0022no\u0022 frameborder=\u00220\u0022 allowfullscreen style=\u0022overflow:hidden;width:100%;height:100%;position:absolute;top:0;left:0;\u0022\u003E\u003C\/iframe\u003E\u003C\/div\u003E","status":"1","unite":"nombre"},{"identifier":"ff25c9db-7d6d-4773-b887-824018e9cfb4","id":"1431","title":"Evolution des flux \u00e0 la mer de phosphore par fa\u00e7ade","created":"2019-12-19","changed":"2019-12-19","themes":"Milieux aquatiques","subject":"Mer et oc\u00e9an, Substance et polluant","description":"Les flux sont calcul\u00e9s sur la partie dissoute des polluants et non sur leur forme particulaire.\r\nLes estimations peuvent \u00eatre limit\u00e9es par le nombre parfois restreint d\u2019analyses et par le fait que les \u00e9pisodes de crue, pouvant transf\u00e9rer d\u2019importantes quantit\u00e9s de polluants, sont peu couverts. Les flux calcul\u00e9s ne peuvent donc pas \u00eatre rigoureusement consid\u00e9r\u00e9s comme les flux r\u00e9els.","licence":"CC BY 3.0 FR","relation":["https:\/\/www.oieau.fr\/node\/8813"],"relation_title":"Flux \u00e0 la mer de phosphore","creator":"OIEau","publisher":"OIEau","language":"fr","coverage":"France m\u00e9tropolitaine","source-name":"","situation":"Toujours d\u0027actualit\u00e9","source":[],"frequence_maj":"Inconnue","dataset":"[[\u0022\u0022,\u0022Manche et Mer du Nord\u0022,\u0022Atlantique\u0022,\u0022M\u00e9diterran\u00e9e\u0022],[\u00222002\u0022,\u00228.7\u0022,\u002214.1\u0022,\u002213\u0022],[\u00222003\u0022,\u00226.5\u0022,\u002212.9\u0022,\u00226\u0022],[\u00222004\u0022,\u00225.7\u0022,\u002210.2\u0022,\u00224.3\u0022],[\u00222005\u0022,\u00224\u0022,\u00224.5\u0022,\u00223.9\u0022],[\u00222006\u0022,\u00224\u0022,\u00226.5\u0022,\u00224.2\u0022],[\u00222007\u0022,\u00225.9\u0022,\u00229.7\u0022,\u00225.8\u0022],[\u00222008\u0022,\u00224\u0022,\u00228.4\u0022,\u00227.5\u0022],[\u00222009\u0022,\u00223.1\u0022,\u00226.1\u0022,\u00224.7\u0022],[\u00222010\u0022,\u00223.4\u0022,\u00227\u0022,\u00227\u0022],[\u00222011\u0022,\u00223\u0022,\u00223.4\u0022,\u00223.1\u0022],[\u00222012\u0022,\u00224.3\u0022,\u00226.8\u0022,\u00224.5\u0022],[\u00222013\u0022,\u00224.4\u0022,\u002213.1\u0022,\u00224.5\u0022]]","chart-conf":"{\u0022chart\u0022:{\u0022renderTo\u0022:{}},\u0022xAxis\u0022:[{\u0022index\u0022:0,\u0022isX\u0022:true,\u0022type\u0022:\u0022category\u0022}],\u0022yAxis\u0022:[{\u0022index\u0022:0,\u0022title\u0022:{\u0022text\u0022:\u0022Flux (milliers de tonnes)\u0022}}],\u0022series\u0022:[{\u0022animation\u0022:false,\u0022data\u0022:[{\u0022y\u0022:8.7,\u0022x\u0022:2002},{\u0022y\u0022:6.5,\u0022x\u0022:2003},{\u0022y\u0022:5.7,\u0022x\u0022:2004},{\u0022y\u0022:4,\u0022x\u0022:2005},{\u0022y\u0022:4,\u0022x\u0022:2006},{\u0022y\u0022:5.9,\u0022x\u0022:2007},{\u0022y\u0022:4,\u0022x\u0022:2008},{\u0022y\u0022:3.1,\u0022x\u0022:2009},{\u0022y\u0022:3.4,\u0022x\u0022:2010},{\u0022y\u0022:3,\u0022x\u0022:2011},{\u0022y\u0022:4.3,\u0022x\u0022:2012},{\u0022y\u0022:4.4,\u0022x\u0022:2013}],\u0022name\u0022:\u0022Manche et Mer du Nord\u0022,\u0022_colorIndex\u0022:0,\u0022_symbolIndex\u0022:0},{\u0022animation\u0022:false,\u0022data\u0022:[{\u0022y\u0022:14.1,\u0022x\u0022:2002},{\u0022y\u0022:12.9,\u0022x\u0022:2003},{\u0022y\u0022:10.2,\u0022x\u0022:2004},{\u0022y\u0022:4.5,\u0022x\u0022:2005},{\u0022y\u0022:6.5,\u0022x\u0022:2006},{\u0022y\u0022:9.7,\u0022x\u0022:2007},{\u0022y\u0022:8.4,\u0022x\u0022:2008},{\u0022y\u0022:6.1,\u0022x\u0022:2009},{\u0022y\u0022:7,\u0022x\u0022:2010},{\u0022y\u0022:3.4,\u0022x\u0022:2011},{\u0022y\u0022:6.8,\u0022x\u0022:2012},{\u0022y\u0022:13.1,\u0022x\u0022:2013}],\u0022name\u0022:\u0022Atlantique\u0022,\u0022_colorIndex\u0022:1,\u0022_symbolIndex\u0022:1},{\u0022animation\u0022:false,\u0022data\u0022:[{\u0022y\u0022:13,\u0022x\u0022:2002},{\u0022y\u0022:6,\u0022x\u0022:2003},{\u0022y\u0022:4.3,\u0022x\u0022:2004},{\u0022y\u0022:3.9,\u0022x\u0022:2005},{\u0022y\u0022:4.2,\u0022x\u0022:2006},{\u0022y\u0022:5.8,\u0022x\u0022:2007},{\u0022y\u0022:7.5,\u0022x\u0022:2008},{\u0022y\u0022:4.7,\u0022x\u0022:2009},{\u0022y\u0022:7,\u0022x\u0022:2010},{\u0022y\u0022:3.1,\u0022x\u0022:2011},{\u0022y\u0022:4.5,\u0022x\u0022:2012},{\u0022y\u0022:4.5,\u0022x\u0022:2013}],\u0022name\u0022:\u0022M\u00e9diterran\u00e9e\u0022,\u0022_colorIndex\u0022:2,\u0022_symbolIndex\u0022:2}],\u0022colors\u0022:[\u0022#7cb5ec\u0022,\u0022#da88d7\u0022,\u0022#90ed7d\u0022,\u0022#f7a35c\u0022,\u0022#8085e9\u0022,\u0022#f15c80\u0022,\u0022#e4d354\u0022,\u0022#2b908f\u0022,\u0022#f45b5b\u0022,\u0022#91e8e1\u0022],\u0022title\u0022:{\u0022text\u0022:\u0022Evolution des flux \u00e0 la mer de phosphore par fa\u00e7ade\u0022}}","iframe":"\u003Cdiv style=\u0022height:510px;position:relative;\u0022\u003E\u003Cimg style=\u0022display:block;width:100%;height:auto;\u0022 src=\u0022data:image\/gif;base64,R0lGODlhEAAJAIAAAP\/\/\/wAAACH5BAEAAAAALAAAAAAQAAkAAAIKhI+py+0Po5yUFQA7\u0022\/\u003E\u003Ciframe src=\u0022https:\/\/dataviz.oieau.fr\/fr\/node\/1431\/embed?mode=iframe\u0022 scrolling=\u0022no\u0022 frameborder=\u00220\u0022 allowfullscreen style=\u0022overflow:hidden;width:100%;height:100%;position:absolute;top:0;left:0;\u0022\u003E\u003C\/iframe\u003E\u003C\/div\u003E","status":"1","unite":""},{"identifier":"c4c7576c-bc9e-4a50-ae3a-000916056eab","id":"48","title":"Evolution du prix moyen global de l\u0027eau par service","created":"2019-10-17","changed":"2021-12-07","themes":"Eau potable et assainissement","subject":"Prix de l\u0026#039;eau, Eau potable, Assainissement","description":"En tant que ressource naturelle, l\u0027eau n\u0027a pas de prix. C\u0027est le service de l\u0027eau qui a un co\u00fbt : pr\u00e9lever l\u0027eau, la traiter pour la rendre potable, la distribuer jusqu\u0027aux habitations, collecter les eaux us\u00e9es, les d\u00e9polluer et les rejeter.\r\nLe prix de l\u0027eau correspond au co\u00fbt des services pour l\u0027eau potable et l\u0027assainissement collectif.\r\nLe prix moyen global est calcul\u00e9 sur la base d\u0027une consommation annuelle d\u0027un m\u00e9nage estim\u00e9e \u00e0 120 m3, en date du 1er janvier de l\u0027ann\u00e9e.\r\n","licence":"CC BY 3.0 FR","relation":["https:\/\/www.oieau.fr\/node\/11709"],"relation_title":"Prix moyen global de l\u0027eau","creator":"OIEau","publisher":"OIEau","language":"fr","coverage":"France m\u00e9tropolitaine et Drom","source-name":"Observatoire national des services d\u0026#039;eau et d\u0026#039;assainissement","situation":"Toujours d\u0027actualit\u00e9","source":["http:\/\/www.services.eaufrance.fr"],"frequence_maj":"Annuelle","dataset":"[[\u0022\u0022,\u0022Assainissement collectif\u0022,\u0022Eau potable\u0022],[\u00222010\u0022,\u00221.72\u0022,\u00221.90\u0022],[\u00222011\u0022,\u00221.73\u0022,\u00221.93\u0022],[\u00222012\u0022,\u00221.82\u0022,\u00221.96\u0022],[\u00222013\u0022,\u00221.85\u0022,\u00222.00\u0022],[\u00222014\u0022,\u00221.89\u0022,\u00222.03\u0022],[\u00222015\u0022,\u00221.93\u0022,\u00222.05\u0022],[\u00222016\u0022,\u00222.01\u0022,\u00222.03\u0022],[\u00222017\u0022,\u00222.00\u0022,\u00222.03\u0022],[\u00222018\u0022,\u00222.07\u0022,\u00222.07\u0022],[\u00222019\u0022,\u00222.11\u0022,\u00222.08\u0022]]","chart-conf":"{\u0022chart\u0022:{\u0022type\u0022:\u0022column\u0022,\u0022renderTo\u0022:{\u0022__EV_STORE_KEY@7\u0022:{}}},\u0022xAxis\u0022:[{\u0022type\u0022:\u0022category\u0022,\u0022index\u0022:0,\u0022isX\u0022:true}],\u0022yAxis\u0022:[{\u0022title\u0022:{\u0022text\u0022:\u0022Prix (\u20ac \/ m3)\u0022},\u0022index\u0022:0}],\u0022plotOptions\u0022:{\u0022series\u0022:{\u0022stacking\u0022:\u0022normal\u0022,\u0022dataLabels\u0022:{\u0022enabled\u0022:true}}},\u0022title\u0022:{\u0022text\u0022:\u0022Evolution du prix moyen global de l\u0027eau par service\u0022},\u0022colors\u0022:[\u0022#7aa64e\u0022,\u0022#96acd0\u0022,\u0022#90ed7d\u0022,\u0022#f7a35c\u0022,\u0022#8085e9\u0022,\u0022#f15c80\u0022,\u0022#e4d354\u0022,\u0022#2b908f\u0022,\u0022#f45b5b\u0022,\u0022#91e8e1\u0022],\u0022credits\u0022:{\u0022text\u0022:\u0022OIEau\u0022,\u0022href\u0022:\u0022http:\/\/www.oieau.fr\/\u0022,\u0022enabled\u0022:false},\u0022series\u0022:[{\u0022type\u0022:\u0022column\u0022,\u0022animation\u0022:false,\u0022data\u0022:[{\u0022y\u0022:1.72,\u0022x\u0022:2010},{\u0022y\u0022:1.73,\u0022x\u0022:2011},{\u0022y\u0022:1.82,\u0022x\u0022:2012},{\u0022y\u0022:1.85,\u0022x\u0022:2013},{\u0022y\u0022:1.89,\u0022x\u0022:2014},{\u0022y\u0022:1.93,\u0022x\u0022:2015},{\u0022y\u0022:2.01,\u0022x\u0022:2016},{\u0022y\u0022:2,\u0022x\u0022:2017},{\u0022y\u0022:2.07,\u0022x\u0022:2018},{\u0022y\u0022:2.11,\u0022x\u0022:2019}],\u0022name\u0022:\u0022Assainissement collectif\u0022,\u0022_colorIndex\u0022:0},{\u0022type\u0022:\u0022column\u0022,\u0022animation\u0022:false,\u0022data\u0022:[{\u0022y\u0022:1.9,\u0022x\u0022:2010},{\u0022y\u0022:1.93,\u0022x\u0022:2011},{\u0022y\u0022:1.96,\u0022x\u0022:2012},{\u0022y\u0022:2,\u0022x\u0022:2013},{\u0022y\u0022:2.03,\u0022x\u0022:2014},{\u0022y\u0022:2.05,\u0022x\u0022:2015},{\u0022y\u0022:2.03,\u0022x\u0022:2016},{\u0022y\u0022:2.03,\u0022x\u0022:2017},{\u0022y\u0022:2.07,\u0022x\u0022:2018},{\u0022y\u0022:2.08,\u0022x\u0022:2019}],\u0022_colorIndex\u0022:1,\u0022name\u0022:\u0022Eau potable\u0022}],\u0022legend\u0022:{}}","iframe":"\u003Cdiv style=\u0022height:510px;position:relative;\u0022\u003E\u003Cimg style=\u0022display:block;width:100%;height:auto;\u0022 src=\u0022data:image\/gif;base64,R0lGODlhEAAJAIAAAP\/\/\/wAAACH5BAEAAAAALAAAAAAQAAkAAAIKhI+py+0Po5yUFQA7\u0022\/\u003E\u003Ciframe src=\u0022https:\/\/dataviz.oieau.fr\/fr\/node\/48\/embed?mode=iframe\u0022 scrolling=\u0022no\u0022 frameborder=\u00220\u0022 allowfullscreen style=\u0022overflow:hidden;width:100%;height:100%;position:absolute;top:0;left:0;\u0022\u003E\u003C\/iframe\u003E\u003C\/div\u003E","status":"1","unite":"\u20ac\/m3"},{"identifier":"fceef0b7-9520-4bdf-ab8f-7e75abd706fd","id":"1339","title":"Evolution du nombre de d\u00e9partements en partie concern\u00e9s par un arr\u00eat\u00e9 de restriction d\u0027eau (Vigilance, Alerte, Alerte renforc\u00e9e ou Crise)","created":"2019-09-02","changed":"2021-10-13","themes":"Eau et risques, Gestion de la ressource en eau","subject":"S\u00e9cheresse, Quantit\u00e9 de la ressource","description":"\u003Cp\u003ELes seuils entra\u00eenant des mesures de restriction sont d\u00e9finis au niveau local par les pr\u00e9fets.\u003C\/p\u003E\r\n\r\n\u003Cp\u003ELes arr\u00eat\u00e9s de restriction d\u0027eau ne peuvent \u00eatre prescrits que pour une dur\u00e9e limit\u00e9e pour un p\u00e9rim\u00e8tre d\u00e9termin\u00e9. Ils doivent assurer l\u2019exercice des usages prioritaires, plus particuli\u00e8rement la sant\u00e9, la s\u00e9curit\u00e9 civile, l\u2019approvisionnement en eau potable et la pr\u00e9servation des \u00e9cosyst\u00e8mes aquatiques. Ceci tout en respectant l\u2019\u00e9galit\u00e9 entre usagers des diff\u00e9rents d\u00e9partements et la n\u00e9cessaire solidarit\u00e9 amont - aval des bassins versants.\u003C\/p\u003E\r\n\r\n\u003Cp\u003EQuatre niveaux ont \u00e9t\u00e9 d\u00e9finis :\u003C\/p\u003E\r\n\r\n\u003Cul\u003E\r\n\t\u003Cli\u003EVigilance : Information et incitation des particuliers et des professionnels \u00e0 faire des \u00e9conomies d\u0027eau\u003C\/li\u003E\r\n\t\u003Cli\u003EAlerte : R\u00e9duction des pr\u00e9l\u00e8vements \u00e0 des fins agricoles inf\u00e9rieure \u00e0 50% (ou interdiction jusqu\u0027\u00e0 3 jours par semaine), mesures d\u0027interdiction de man\u0153uvre de vanne, d\u0027activit\u00e9 nautique, interdiction \u00e0 certaines heures d\u0027arroser les jardins, espaces verts, golfs, de laver sa voiture, ...\u003C\/li\u003E\r\n\t\u003Cli\u003EAlerte renforc\u00e9e : R\u00e9duction des pr\u00e9l\u00e8vements \u00e0 des fins agricoles sup\u00e9rieure ou \u00e9gale \u00e0 50% (ou interdiction sup\u00e9rieure ou \u00e9gale \u00e0 3,5 jours par semaine), limitation plus forte des pr\u00e9l\u00e8vements pour l\u0027arrosage des jardins, espaces verts, golfs, lavage des voitures, ..., jusqu\u0027\u00e0 l\u0027interdiction de certains pr\u00e9l\u00e8vements\u003C\/li\u003E\r\n\t\u003Cli\u003ECrise : Arr\u00eat des pr\u00e9l\u00e8vements non prioritaires y compris des pr\u00e9l\u00e8vements \u00e0 des fins agricoles. Seuls les pr\u00e9l\u00e8vements permettant d\u0027assurer l\u0027exercice des usages prioritaires sont autoris\u00e9s (sant\u00e9, s\u00e9curit\u00e9 civile, eau potable, salubrit\u00e9)\u003C\/li\u003E\r\n\u003C\/ul\u003E\r\n","licence":"CC BY 3.0 FR","relation":[],"relation_title":"","creator":"OIEau","publisher":"OIEau","language":"fr","coverage":"France m\u00e9tropolitaine","source-name":"Propluvia","situation":"Toujours d\u0027actualit\u00e9","source":["http:\/\/propluvia.developpement-durable.gouv.fr"],"frequence_maj":"Annuelle","dataset":"[[\u0022\u0022,\u0022Nombre de d\u00e9partements\u0022],[\u00222012\u0022,\u002255\u0022],[\u00222013\u0022,\u002233\u0022],[\u00222014\u0022,\u002234\u0022],[\u00222015\u0022,\u002280\u0022],[\u00222016\u0022,\u002259\u0022],[\u00222017\u0022,\u002294\u0022],[\u00222018\u0022,\u002275\u0022]]","chart-conf":"{\u0022chart\u0022:{\u0022type\u0022:\u0022column\u0022,\u0022renderTo\u0022:{\u0022__EV_STORE_KEY@7\u0022:{}}},\u0022xAxis\u0022:[{\u0022type\u0022:\u0022category\u0022,\u0022index\u0022:0,\u0022isX\u0022:true}],\u0022yAxis\u0022:[{\u0022index\u0022:0,\u0022title\u0022:{\u0022text\u0022:\u0022Nombre de d\u00e9partements\u0022}}],\u0022series\u0022:[{\u0022type\u0022:\u0022column\u0022,\u0022animation\u0022:false,\u0022data\u0022:[{\u0022y\u0022:55,\u0022x\u0022:2012},{\u0022y\u0022:33,\u0022x\u0022:2013},{\u0022y\u0022:34,\u0022x\u0022:2014},{\u0022y\u0022:80,\u0022x\u0022:2015},{\u0022y\u0022:59,\u0022x\u0022:2016},{\u0022y\u0022:94,\u0022x\u0022:2017},{\u0022y\u0022:75,\u0022x\u0022:2018}],\u0022name\u0022:\u0022Nombre de d\u00e9partements\u0022,\u0022_colorIndex\u0022:0}],\u0022title\u0022:{\u0022text\u0022:\u0022Evolution du nombre de d\u00e9partements en partie concern\u00e9s par un arr\u00eat\u00e9 de restriction d\u0027eau (Vigilance, Alerte, Alerte renforc\u00e9e ou Crise)\u0022},\u0022legend\u0022:{\u0022enabled\u0022:false},\u0022colors\u0022:[\u0022#5a6b7a\u0022,\u0022#434348\u0022,\u0022#90ed7d\u0022,\u0022#f7a35c\u0022,\u0022#8085e9\u0022,\u0022#f15c80\u0022,\u0022#e4d354\u0022,\u0022#2b908f\u0022,\u0022#f45b5b\u0022,\u0022#91e8e1\u0022],\u0022subtitle\u0022:{}}","iframe":"\u003Cdiv style=\u0022height:510px;position:relative;\u0022\u003E\u003Cimg style=\u0022display:block;width:100%;height:auto;\u0022 src=\u0022data:image\/gif;base64,R0lGODlhEAAJAIAAAP\/\/\/wAAACH5BAEAAAAALAAAAAAQAAkAAAIKhI+py+0Po5yUFQA7\u0022\/\u003E\u003Ciframe src=\u0022https:\/\/dataviz.oieau.fr\/fr\/node\/1339\/embed?mode=iframe\u0022 scrolling=\u0022no\u0022 frameborder=\u00220\u0022 allowfullscreen style=\u0022overflow:hidden;width:100%;height:100%;position:absolute;top:0;left:0;\u0022\u003E\u003C\/iframe\u003E\u003C\/div\u003E","status":"1","unite":"nombre"},{"identifier":"57da1ca7-4d96-44fc-9f2a-029029ce313d","id":"1340","title":"Nombre de d\u00e9partements ayant pris au moins en partie concern\u00e9 par un arr\u00eat\u00e9 de restriction d\u0027eau en 2018","created":"2019-09-02","changed":"2019-12-17","themes":"Eau et risques, Gestion de la ressource en eau","subject":"S\u00e9cheresse, Quantit\u00e9 de la ressource","description":"\u003Cp\u003ELes seuils entra\u00eenant des mesures de restriction sont d\u00e9finis au niveau local par les pr\u00e9fets.\u003C\/p\u003E\r\n\r\n\u003Cp\u003ELes arr\u00eat\u00e9s de restriction d\u0027eau ne peuvent \u00eatre prescrits que pour une dur\u00e9e limit\u00e9e pour un p\u00e9rim\u00e8tre d\u00e9termin\u00e9. Ils doivent assurer l\u2019exercice des usages prioritaires, plus particuli\u00e8rement la sant\u00e9, la s\u00e9curit\u00e9 civile, l\u2019approvisionnement en eau potable et la pr\u00e9servation des \u00e9cosyst\u00e8mes aquatiques. Ceci tout en respectant l\u2019\u00e9galit\u00e9 entre usagers des diff\u00e9rents d\u00e9partements et la n\u00e9cessaire solidarit\u00e9 amont - aval des bassins versants.\u003C\/p\u003E\r\n\r\n\u003Cp\u003EQuatre niveaux ont \u00e9t\u00e9 d\u00e9finis :\u003C\/p\u003E\r\n\r\n\u003Cul\u003E\r\n\t\u003Cli\u003EVigilance : Information et incitation des particuliers et des professionnels \u00e0 faire des \u00e9conomies d\u0027eau\u003C\/li\u003E\r\n\t\u003Cli\u003EAlerte : R\u00e9duction des pr\u00e9l\u00e8vements \u00e0 des fins agricoles inf\u00e9rieure \u00e0 50% (ou interdiction jusqu\u0027\u00e0 3 jours par semaine), mesures d\u0027interdiction de man\u0153uvre de vanne, d\u0027activit\u00e9 nautique, interdiction \u00e0 certaines heures d\u0027arroser les jardins, espaces verts, golfs, de laver sa voiture, ...\u003C\/li\u003E\r\n\t\u003Cli\u003EAlerte renforc\u00e9e : R\u00e9duction des pr\u00e9l\u00e8vements \u00e0 des fins agricoles sup\u00e9rieure ou \u00e9gale \u00e0 50% (ou interdiction sup\u00e9rieure ou \u00e9gale \u00e0 3,5 jours par semaine), limitation plus forte des pr\u00e9l\u00e8vements pour l\u0027arrosage des jardins, espaces verts, golfs, lavage des voitures, ..., jusqu\u0027\u00e0 l\u0027interdiction de certains pr\u00e9l\u00e8vements\u003C\/li\u003E\r\n\t\u003Cli\u003ECrise : Arr\u00eat des pr\u00e9l\u00e8vements non prioritaires y compris des pr\u00e9l\u00e8vements \u00e0 des fins agricoles. Seuls les pr\u00e9l\u00e8vements permettant d\u0027assurer l\u0027exercice des usages prioritaires sont autoris\u00e9s (sant\u00e9, s\u00e9curit\u00e9 civile, eau potable, salubrit\u00e9)\u003C\/li\u003E\r\n\u003C\/ul\u003E\r\n\r\n\u003Cp\u003E\u0026nbsp;\u003C\/p\u003E\r\n","licence":"CC BY 3.0 FR","relation":[],"relation_title":"","creator":"OIEau","publisher":"OIEau","language":"fr","coverage":"France m\u00e9tropolitaine","source-name":"Propluvia","situation":"Toujours d\u0027actualit\u00e9","source":["http:\/\/propluvia.developpement-durable.gouv.fr"],"frequence_maj":"Annuelle","dataset":"[[\u0022\u0022,\u0022Vigilance\u0022,\u0022Alerte\u0022,\u0022Alerte renforc\u00e9e\u0022,\u0022Crise\u0022],[\u0022Janv\u0022,\u00224\u0022,\u00224\u0022,\u00223\u0022,\u0022\u0022],[\u0022F\u00e9v\u0022,\u00222\u0022,\u00222\u0022,\u00222\u0022,\u0022\u0022],[\u0022Mars\u0022,\u00222\u0022,\u00222\u0022,\u00221\u0022,\u0022\u0022],[\u0022Avril\u0022,\u00224\u0022,\u00223\u0022,\u0022\u0022,\u0022\u0022],[\u0022Mai\u0022,\u00225\u0022,\u00225\u0022,\u00221\u0022,\u0022\u0022],[\u0022Juin\u0022,\u00225\u0022,\u00226\u0022,\u00221\u0022,\u0022\u0022],[\u0022Juillet\u0022,\u002225\u0022,\u002233\u0022,\u002218\u0022,\u002210\u0022],[\u0022Ao\u00fbt\u0022,\u002235\u0022,\u002249\u0022,\u002242\u0022,\u002226\u0022],[\u0022Sept\u0022,\u002236\u0022,\u002247\u0022,\u002249\u0022,\u002231\u0022],[\u0022Oct\u0022,\u002238\u0022,\u002241\u0022,\u002247\u0022,\u002238\u0022],[\u0022Nov\u0022,\u002222\u0022,\u002223\u0022,\u002224\u0022,\u002218\u0022],[\u0022D\u00e9c\u0022,\u00228\u0022,\u002211\u0022,\u00228\u0022,\u00224\u0022]]","chart-conf":"{\u0022chart\u0022:{\u0022type\u0022:\u0022column\u0022,\u0022renderTo\u0022:{}},\u0022xAxis\u0022:[{\u0022type\u0022:\u0022category\u0022,\u0022title\u0022:{\u0022text\u0022:\u0022Mois\u0022},\u0022labels\u0022:{},\u0022index\u0022:0,\u0022isX\u0022:true}],\u0022yAxis\u0022:[{\u0022index\u0022:0}],\u0022plotOptions\u0022:{\u0022series\u0022:{\u0022dataLabels\u0022:{}}},\u0022title\u0022:{\u0022text\u0022:\u0022Nombre de d\u00e9partements au moins en partie concern\u00e9 par un arr\u00eat\u00e9 de restriction d\u0027eau en 2018\u0022},\u0022credits\u0022:{\u0022enabled\u0022:false},\u0022series\u0022:[{\u0022type\u0022:\u0022column\u0022,\u0022animation\u0022:false,\u0022data\u0022:[{\u0022name\u0022:\u0022Janv\u0022,\u0022y\u0022:4},{\u0022name\u0022:\u0022F\u00e9v\u0022,\u0022y\u0022:2},{\u0022name\u0022:\u0022Mars\u0022,\u0022y\u0022:2},{\u0022name\u0022:\u0022Avril\u0022,\u0022y\u0022:4},{\u0022name\u0022:\u0022Mai\u0022,\u0022y\u0022:5},{\u0022name\u0022:\u0022Juin\u0022,\u0022y\u0022:5},{\u0022name\u0022:\u0022Juillet\u0022,\u0022y\u0022:25},{\u0022name\u0022:\u0022Ao\u00fbt\u0022,\u0022y\u0022:35},{\u0022name\u0022:\u0022Sept\u0022,\u0022y\u0022:36},{\u0022name\u0022:\u0022Oct\u0022,\u0022y\u0022:38},{\u0022name\u0022:\u0022Nov\u0022,\u0022y\u0022:22},{\u0022name\u0022:\u0022D\u00e9c\u0022,\u0022y\u0022:8}],\u0022name\u0022:\u0022Vigilance\u0022,\u0022_colorIndex\u0022:0},{\u0022type\u0022:\u0022column\u0022,\u0022animation\u0022:false,\u0022data\u0022:[{\u0022name\u0022:\u0022Janv\u0022,\u0022y\u0022:4},{\u0022name\u0022:\u0022F\u00e9v\u0022,\u0022y\u0022:2},{\u0022name\u0022:\u0022Mars\u0022,\u0022y\u0022:2},{\u0022name\u0022:\u0022Avril\u0022,\u0022y\u0022:3},{\u0022name\u0022:\u0022Mai\u0022,\u0022y\u0022:5},{\u0022name\u0022:\u0022Juin\u0022,\u0022y\u0022:6},{\u0022name\u0022:\u0022Juillet\u0022,\u0022y\u0022:33},{\u0022name\u0022:\u0022Ao\u00fbt\u0022,\u0022y\u0022:49},{\u0022name\u0022:\u0022Sept\u0022,\u0022y\u0022:47},{\u0022name\u0022:\u0022Oct\u0022,\u0022y\u0022:41},{\u0022name\u0022:\u0022Nov\u0022,\u0022y\u0022:23},{\u0022name\u0022:\u0022D\u00e9c\u0022,\u0022y\u0022:11}],\u0022name\u0022:\u0022Alerte\u0022,\u0022_colorIndex\u0022:1},{\u0022type\u0022:\u0022column\u0022,\u0022animation\u0022:false,\u0022data\u0022:[{\u0022name\u0022:\u0022Janv\u0022,\u0022y\u0022:3},{\u0022name\u0022:\u0022F\u00e9v\u0022,\u0022y\u0022:2},{\u0022name\u0022:\u0022Mars\u0022,\u0022y\u0022:1},{\u0022name\u0022:\u0022Avril\u0022,\u0022y\u0022:null},{\u0022name\u0022:\u0022Mai\u0022,\u0022y\u0022:1},{\u0022name\u0022:\u0022Juin\u0022,\u0022y\u0022:1},{\u0022name\u0022:\u0022Juillet\u0022,\u0022y\u0022:18},{\u0022name\u0022:\u0022Ao\u00fbt\u0022,\u0022y\u0022:42},{\u0022name\u0022:\u0022Sept\u0022,\u0022y\u0022:49},{\u0022name\u0022:\u0022Oct\u0022,\u0022y\u0022:47},{\u0022name\u0022:\u0022Nov\u0022,\u0022y\u0022:24},{\u0022name\u0022:\u0022D\u00e9c\u0022,\u0022y\u0022:8}],\u0022name\u0022:\u0022Alerte renforc\u00e9e\u0022,\u0022_colorIndex\u0022:2},{\u0022type\u0022:\u0022column\u0022,\u0022animation\u0022:false,\u0022data\u0022:[{\u0022name\u0022:\u0022Janv\u0022,\u0022y\u0022:null},{\u0022name\u0022:\u0022F\u00e9v\u0022,\u0022y\u0022:null},{\u0022name\u0022:\u0022Mars\u0022,\u0022y\u0022:null},{\u0022name\u0022:\u0022Avril\u0022,\u0022y\u0022:null},{\u0022name\u0022:\u0022Mai\u0022,\u0022y\u0022:null},{\u0022name\u0022:\u0022Juin\u0022,\u0022y\u0022:null},{\u0022name\u0022:\u0022Juillet\u0022,\u0022y\u0022:10},{\u0022name\u0022:\u0022Ao\u00fbt\u0022,\u0022y\u0022:26},{\u0022name\u0022:\u0022Sept\u0022,\u0022y\u0022:31},{\u0022name\u0022:\u0022Oct\u0022,\u0022y\u0022:38},{\u0022name\u0022:\u0022Nov\u0022,\u0022y\u0022:18},{\u0022name\u0022:\u0022D\u00e9c\u0022,\u0022y\u0022:4}],\u0022name\u0022:\u0022Crise\u0022,\u0022_colorIndex\u0022:3}],\u0022colors\u0022:[\u0022#cccccc\u0022,\u0022#fae805\u0022,\u0022#ff9900\u0022,\u0022#ff0000\u0022,\u0022#8085e9\u0022,\u0022#f15c80\u0022,\u0022#e4d354\u0022,\u0022#2b908f\u0022,\u0022#f45b5b\u0022,\u0022#91e8e1\u0022]}","iframe":"\u003Cdiv style=\u0022height:510px;position:relative;\u0022\u003E\u003Cimg style=\u0022display:block;width:100%;height:auto;\u0022 src=\u0022data:image\/gif;base64,R0lGODlhEAAJAIAAAP\/\/\/wAAACH5BAEAAAAALAAAAAAQAAkAAAIKhI+py+0Po5yUFQA7\u0022\/\u003E\u003Ciframe src=\u0022https:\/\/dataviz.oieau.fr\/fr\/node\/1340\/embed?mode=iframe\u0022 scrolling=\u0022no\u0022 frameborder=\u00220\u0022 allowfullscreen style=\u0022overflow:hidden;width:100%;height:100%;position:absolute;top:0;left:0;\u0022\u003E\u003C\/iframe\u003E\u003C\/div\u003E","status":"1","unite":"nombre"},{"identifier":"a362b467-ea9c-4781-9727-51f2f4fa38c2","id":"1236","title":"R\u00e9partition des observations du niveau des cours d\u0027eau en p\u00e9riode estivale par modalit\u00e9 d\u2019\u00e9coulement","created":"2019-01-13","changed":"2021-10-13","themes":"Eau et changement climatique","subject":"S\u00e9cheresse, Cours d\u0026#039;eau","description":"L\u2019\u00e9coulement des cours d\u2019eau est appr\u00e9ci\u00e9 exclusivement visuellement, aucune mesure sur le terrain n\u2019est r\u00e9alis\u00e9e. Seules les observations du suivi usuel, assur\u00e9es r\u00e9guli\u00e8rement entre mai et septembre sur l\u2019ensemble du territoire m\u00e9tropolitain, sont s\u00e9lectionn\u00e9es, pour rendre compte de la situation nationale annuelle.","licence":"CC BY 3.0 FR","relation":["https:\/\/www.oieau.fr\/chiffre-cles\/part-des-observations-rendant-compte-dun-assec-des-cours-deau-en-2018"],"relation_title":"Part des observations rendant compte d\u0027un assec des cours d\u0027eau","creator":"OIEau","publisher":"OIEau","language":"fr","coverage":"France m\u00e9tropolitaine","source-name":"Observatoire national des \u00e9tiages","situation":"Toujours d\u0027actualit\u00e9","source":["http:\/\/onde.eaufrance.fr\/"],"frequence_maj":"Annuelle","dataset":"[[\u0022\u0022,\u0022Ecoulement visible\u0022,\u0022Ecoulement non visible\u0022,\u0022Assec\u0022],[\u00222012\u0022,\u002285.7\u0022,\u00224.9\u0022,\u00229.5\u0022],[\u00222013\u0022,\u002293.7\u0022,\u00222.7\u0022,\u00223.6\u0022],[\u00222014\u0022,\u002293.8\u0022,\u00222.9\u0022,\u00223.4\u0022],[\u00222015\u0022,\u002288.4\u0022,\u00224.3\u0022,\u00227.3\u0022],[\u00222016\u0022,\u002287.6\u0022,\u00224.3\u0022,\u00228.1\u0022],[\u00222017\u0022,\u002278.6\u0022,\u00226.3\u0022,\u002215.1\u0022],[\u00222018\u0022,\u002285.8\u0022,\u00224.1\u0022,\u002210.2\u0022],[\u00222019\u0022,\u002275.95\u0022,\u00226.05\u0022,\u002218.01\u0022]]","chart-conf":"{\u0022chart\u0022:{\u0022type\u0022:\u0022column\u0022,\u0022renderTo\u0022:{\u0022__EV_STORE_KEY@7\u0022:{}}},\u0022xAxis\u0022:[{\u0022type\u0022:\u0022category\u0022,\u0022index\u0022:0,\u0022isX\u0022:true}],\u0022yAxis\u0022:[{\u0022title\u0022:{\u0022text\u0022:\u0022Part d\u0027observations (%)\u0022},\u0022index\u0022:0}],\u0022plotOptions\u0022:{\u0022series\u0022:{\u0022stacking\u0022:\u0022percent\u0022,\u0022dataLabels\u0022:{\u0022enabled\u0022:true}}},\u0022colors\u0022:[\u0022#008dca\u0022,\u0022#ed7713\u0022,\u0022#cb0d1d\u0022,\u0022#f7a35c\u0022,\u0022#8085e9\u0022,\u0022#f15c80\u0022,\u0022#e4d354\u0022,\u0022#2b908f\u0022,\u0022#f45b5b\u0022,\u0022#91e8e1\u0022],\u0022series\u0022:[{\u0022type\u0022:\u0022column\u0022,\u0022animation\u0022:false,\u0022data\u0022:[{\u0022y\u0022:85.7,\u0022x\u0022:2012},{\u0022y\u0022:93.7,\u0022x\u0022:2013},{\u0022y\u0022:93.8,\u0022x\u0022:2014},{\u0022y\u0022:88.4,\u0022x\u0022:2015},{\u0022y\u0022:87.6,\u0022x\u0022:2016},{\u0022y\u0022:78.6,\u0022x\u0022:2017},{\u0022y\u0022:85.8,\u0022x\u0022:2018},{\u0022y\u0022:75.95,\u0022x\u0022:2019}],\u0022name\u0022:\u0022Ecoulement visible\u0022,\u0022_colorIndex\u0022:0},{\u0022type\u0022:\u0022column\u0022,\u0022animation\u0022:false,\u0022data\u0022:[{\u0022y\u0022:4.9,\u0022x\u0022:2012},{\u0022y\u0022:2.7,\u0022x\u0022:2013},{\u0022y\u0022:2.9,\u0022x\u0022:2014},{\u0022y\u0022:4.3,\u0022x\u0022:2015},{\u0022y\u0022:4.3,\u0022x\u0022:2016},{\u0022y\u0022:6.3,\u0022x\u0022:2017},{\u0022y\u0022:4.1,\u0022x\u0022:2018},{\u0022y\u0022:6.05,\u0022x\u0022:2019}],\u0022name\u0022:\u0022Ecoulement non visible\u0022,\u0022_colorIndex\u0022:1},{\u0022type\u0022:\u0022column\u0022,\u0022animation\u0022:false,\u0022data\u0022:[{\u0022y\u0022:9.5,\u0022x\u0022:2012},{\u0022y\u0022:3.6,\u0022x\u0022:2013},{\u0022y\u0022:3.4,\u0022x\u0022:2014},{\u0022y\u0022:7.3,\u0022x\u0022:2015},{\u0022y\u0022:8.1,\u0022x\u0022:2016},{\u0022y\u0022:15.1,\u0022x\u0022:2017},{\u0022y\u0022:10.2,\u0022x\u0022:2018},{\u0022y\u0022:18.01,\u0022x\u0022:2019}],\u0022name\u0022:\u0022Assec\u0022,\u0022_colorIndex\u0022:2}]}","iframe":"\u003Cdiv style=\u0022height:510px;position:relative;\u0022\u003E\u003Cimg style=\u0022display:block;width:100%;height:auto;\u0022 src=\u0022data:image\/gif;base64,R0lGODlhEAAJAIAAAP\/\/\/wAAACH5BAEAAAAALAAAAAAQAAkAAAIKhI+py+0Po5yUFQA7\u0022\/\u003E\u003Ciframe src=\u0022https:\/\/dataviz.oieau.fr\/fr\/node\/1236\/embed?mode=iframe\u0022 scrolling=\u0022no\u0022 frameborder=\u00220\u0022 allowfullscreen style=\u0022overflow:hidden;width:100%;height:100%;position:absolute;top:0;left:0;\u0022\u003E\u003C\/iframe\u003E\u003C\/div\u003E","status":"1","unite":"%"},{"identifier":"6ebfd2c8-ffc2-4baa-8bae-5e3b6e54e21b","id":"1222","title":"Evolution du nombre d\u0027unit\u00e9s de recherche dans le domaine de l\u0027eau et des milieux aquatiques par secteur","created":"2019-01-10","changed":"2019-11-28","themes":"","subject":"RDI","description":"La recherche en France se compose de diff\u00e9rentes entit\u00e9s (organismes de recherche, \u00e9tablissements d\u0027enseignement sup\u00e9rieur...) dont la maille la plus fine est le laboratoire de recherche ou unit\u00e9 de recherche.\r\nUne unit\u00e9 de recherche peut \u00eatre rattach\u00e9e \u00e0 un ou plusieurs \u00e9tablissements publics ou au secteur priv\u00e9.\r\nLes unit\u00e9s de recherche dans le domaine de l\u0027eau et des milieux aquatiques en France sont r\u00e9pertori\u00e9es sur le site www.carteau-rdi.fr.","licence":"CC BY 3.0 FR","relation":["https:\/\/www.oieau.fr\/node\/8748"],"relation_title":"Nombre d\u0027unit\u00e9s de recherche dans le domaine de l\u0027eau et des milieux aquatiques","creator":"OIEau","publisher":"OIEau","language":"fr","coverage":"France m\u00e9tropolitaine et Drom","source-name":"CARTEAU-RDI","situation":"Toujours d\u0027actualit\u00e9","source":["http:\/\/www.carteau-rdi.fr\/"],"frequence_maj":"Annuelle","dataset":"[[\u0022\u0022,\u0022Secteur public\u0022,\u0022Secteur priv\u00e9\u0022],[\u00222011\u0022,\u0022192\u0022,\u002251\u0022],[\u00222012\u0022,\u0022193\u0022,\u002256\u0022],[\u00222013\u0022,\u0022201\u0022,\u002270\u0022],[\u00222014\u0022,\u0022204\u0022,\u002273\u0022],[\u00222015\u0022,\u0022197\u0022,\u002275\u0022],[\u00222016\u0022,\u0022198\u0022,\u002293\u0022],[\u00222017\u0022,\u0022197\u0022,\u002291\u0022]]","chart-conf":"{\u0022chart\u0022:{\u0022type\u0022:\u0022column\u0022,\u0022renderTo\u0022:{\u0022__EV_STORE_KEY@7\u0022:{}}},\u0022xAxis\u0022:[{\u0022type\u0022:\u0022category\u0022,\u0022index\u0022:0,\u0022isX\u0022:true}],\u0022yAxis\u0022:[{\u0022title\u0022:{\u0022text\u0022:\u0022Nombre d\u0027unit\u00e9s de recherche\u0022},\u0022index\u0022:0}],\u0022plotOptions\u0022:{\u0022series\u0022:{\u0022stacking\u0022:\u0022normal\u0022,\u0022dataLabels\u0022:{\u0022enabled\u0022:true}}},\u0022colors\u0022:[\u0022#4b6781\u0022,\u0022#69447a\u0022,\u0022#90ed7d\u0022,\u0022#f7a35c\u0022,\u0022#8085e9\u0022,\u0022#f15c80\u0022,\u0022#e4d354\u0022,\u0022#2b908f\u0022,\u0022#f45b5b\u0022,\u0022#91e8e1\u0022],\u0022series\u0022:[{\u0022type\u0022:\u0022column\u0022,\u0022animation\u0022:false,\u0022data\u0022:[{\u0022y\u0022:192,\u0022x\u0022:2011},{\u0022y\u0022:193,\u0022x\u0022:2012},{\u0022y\u0022:201,\u0022x\u0022:2013},{\u0022y\u0022:204,\u0022x\u0022:2014},{\u0022y\u0022:197,\u0022x\u0022:2015},{\u0022y\u0022:198,\u0022x\u0022:2016},{\u0022y\u0022:197,\u0022x\u0022:2017}],\u0022name\u0022:\u0022Secteur public\u0022,\u0022_colorIndex\u0022:0},{\u0022type\u0022:\u0022column\u0022,\u0022animation\u0022:false,\u0022data\u0022:[{\u0022y\u0022:51,\u0022x\u0022:2011},{\u0022y\u0022:56,\u0022x\u0022:2012},{\u0022y\u0022:70,\u0022x\u0022:2013},{\u0022y\u0022:73,\u0022x\u0022:2014},{\u0022y\u0022:75,\u0022x\u0022:2015},{\u0022y\u0022:93,\u0022x\u0022:2016},{\u0022y\u0022:91,\u0022x\u0022:2017}],\u0022name\u0022:\u0022Secteur priv\u00e9\u0022,\u0022_colorIndex\u0022:1}]}","iframe":"\u003Cdiv style=\u0022height:510px;position:relative;\u0022\u003E\u003Cimg style=\u0022display:block;width:100%;height:auto;\u0022 src=\u0022data:image\/gif;base64,R0lGODlhEAAJAIAAAP\/\/\/wAAACH5BAEAAAAALAAAAAAQAAkAAAIKhI+py+0Po5yUFQA7\u0022\/\u003E\u003Ciframe src=\u0022https:\/\/dataviz.oieau.fr\/fr\/node\/1222\/embed?mode=iframe\u0022 scrolling=\u0022no\u0022 frameborder=\u00220\u0022 allowfullscreen style=\u0022overflow:hidden;width:100%;height:100%;position:absolute;top:0;left:0;\u0022\u003E\u003C\/iframe\u003E\u003C\/div\u003E","status":"1","unite":"nombre"},{"identifier":"d2dfb663-1698-4936-a297-bb28517b587b","id":"1218","title":"Evolution du nombre d\u0027emplois mobilis\u00e9s dans le domaine de l\u0027environnement par activit\u00e9","created":"2019-01-09","changed":"2021-10-13","themes":"","subject":"Emploi","description":"Le nombre est calcul\u00e9 en \u00e9quivalent temps plein (ETP).\r\nLes activit\u00e9s \u0022Protection de l\u0027environnement\u0022 concernent les domaines : pollution de l\u0027air, eaux us\u00e9es, d\u00e9chets dont radioactifs, protection et restauration des sols et eaux, bruit, nature, paysage, biodiversit\u00e9.\r\nLes activit\u00e9s \u0022Gestion des ressources\u0022 concernent les domaines : gestion des ressources en eau, r\u00e9cup\u00e9ration, ma\u00eetrise de l\u0027\u00e9nergie, \u00e9nergies renouvelables.\r\nLes activit\u00e9s transversales concernent les services g\u00e9n\u00e9raux publics, la R\u0026D, l\u0027ing\u00e9nierie.","licence":"CC BY 3.0 FR","relation":["https:\/\/www.oieau.fr\/node\/13157"],"relation_title":"Nombre d\u0027emplois mobilis\u00e9s dans le domaine de l\u0027environnement","creator":"OIEau","publisher":"OIEau","language":"fr","coverage":"France m\u00e9tropolitaine et Drom","source-name":"https:\/\/www.statistiques.developpement-durable.gouv.fr\/les-eco-activites-et-lem\u2026","situation":"Toujours d\u0027actualit\u00e9","source":["https:\/\/www.statistiques.developpement-durable.gouv.fr\/les-eco-activites-et-lemploi-environnemental-en-2017-premiers-resultats-0"],"frequence_maj":"Annuelle","dataset":"[[\u0022\u0022,\u0022Protection de l\u0027environnement\u0022,\u0022Gestion des ressources\u0022,\u0022Activit\u00e9s transversales\u0022],[\u00222008\u0022,\u0022255500\u0022,\u0022113700\u0022,\u002235700\u0022],[\u00222009\u0022,\u0022257700\u0022,\u0022112800\u0022,\u002256600\u0022],[\u00222010\u0022,\u0022267700\u0022,\u0022125100\u0022,\u002260000\u0022],[\u00222011\u0022,\u0022253300\u0022,\u0022136300\u0022,\u002266000\u0022],[\u00222012\u0022,\u0022244300\u0022,\u0022134100\u0022,\u002269100\u0022],[\u00222013\u0022,\u0022253250\u0022,\u0022122700\u0022,\u002266450\u0022],[\u00222014\u0022,\u0022257700\u0022,\u0022120350\u0022,\u002269200\u0022],[\u00222015\u0022,\u0022258850\u0022,\u0022105800\u0022,\u002276350\u0022],[\u00222016\u0022,\u0022267850\u0022,\u0022106750\u0022,\u002281450\u0022],[\u00222017\u0022,\u0022272050\u0022,\u0022110850\u0022,\u002282600\u0022],[\u00222018\u0022,\u0022291000\u0022,\u0022189350\u0022,\u002282300\u0022]]","chart-conf":"{\u0022chart\u0022:{\u0022type\u0022:\u0022column\u0022,\u0022renderTo\u0022:{\u0022__EV_STORE_KEY@7\u0022:{}}},\u0022xAxis\u0022:[{\u0022type\u0022:\u0022category\u0022,\u0022index\u0022:0,\u0022isX\u0022:true}],\u0022yAxis\u0022:[{\u0022title\u0022:{\u0022text\u0022:\u0022Nombre d\u0027emplois\u0022},\u0022index\u0022:0}],\u0022plotOptions\u0022:{\u0022series\u0022:{\u0022stacking\u0022:\u0022normal\u0022,\u0022dataLabels\u0022:{\u0022enabled\u0022:true}}},\u0022colors\u0022:[\u0022#62b968\u0022,\u0022#2c89ab\u0022,\u0022#ed9e7d\u0022,\u0022#f7a35c\u0022,\u0022#8085e9\u0022,\u0022#f15c80\u0022,\u0022#e4d354\u0022,\u0022#2b908f\u0022,\u0022#f45b5b\u0022,\u0022#91e8e1\u0022],\u0022series\u0022:[{\u0022type\u0022:\u0022column\u0022,\u0022animation\u0022:false,\u0022data\u0022:[{\u0022y\u0022:255500,\u0022x\u0022:2008},{\u0022y\u0022:257700,\u0022x\u0022:2009},{\u0022y\u0022:267700,\u0022x\u0022:2010},{\u0022y\u0022:253300,\u0022x\u0022:2011},{\u0022y\u0022:244300,\u0022x\u0022:2012},{\u0022y\u0022:253250,\u0022x\u0022:2013},{\u0022y\u0022:257700,\u0022x\u0022:2014},{\u0022y\u0022:258850,\u0022x\u0022:2015},{\u0022y\u0022:267850,\u0022x\u0022:2016},{\u0022y\u0022:272050,\u0022x\u0022:2017},{\u0022y\u0022:291000,\u0022x\u0022:2018}],\u0022name\u0022:\u0022Protection de l\u0027environnement\u0022,\u0022_colorIndex\u0022:0},{\u0022type\u0022:\u0022column\u0022,\u0022animation\u0022:false,\u0022data\u0022:[{\u0022y\u0022:113700,\u0022x\u0022:2008},{\u0022y\u0022:112800,\u0022x\u0022:2009},{\u0022y\u0022:125100,\u0022x\u0022:2010},{\u0022y\u0022:136300,\u0022x\u0022:2011},{\u0022y\u0022:134100,\u0022x\u0022:2012},{\u0022y\u0022:122700,\u0022x\u0022:2013},{\u0022y\u0022:120350,\u0022x\u0022:2014},{\u0022y\u0022:105800,\u0022x\u0022:2015},{\u0022y\u0022:106750,\u0022x\u0022:2016},{\u0022y\u0022:110850,\u0022x\u0022:2017},{\u0022y\u0022:189350,\u0022x\u0022:2018}],\u0022name\u0022:\u0022Gestion des ressources\u0022,\u0022_colorIndex\u0022:1},{\u0022type\u0022:\u0022column\u0022,\u0022animation\u0022:false,\u0022data\u0022:[{\u0022y\u0022:35700,\u0022x\u0022:2008},{\u0022y\u0022:56600,\u0022x\u0022:2009},{\u0022y\u0022:60000,\u0022x\u0022:2010},{\u0022y\u0022:66000,\u0022x\u0022:2011},{\u0022y\u0022:69100,\u0022x\u0022:2012},{\u0022y\u0022:66450,\u0022x\u0022:2013},{\u0022y\u0022:69200,\u0022x\u0022:2014},{\u0022y\u0022:76350,\u0022x\u0022:2015},{\u0022y\u0022:81450,\u0022x\u0022:2016},{\u0022y\u0022:82600,\u0022x\u0022:2017},{\u0022y\u0022:82300,\u0022x\u0022:2018}],\u0022name\u0022:\u0022Activit\u00e9s transversales\u0022,\u0022_colorIndex\u0022:2}]}","iframe":"\u003Cdiv style=\u0022height:510px;position:relative;\u0022\u003E\u003Cimg style=\u0022display:block;width:100%;height:auto;\u0022 src=\u0022data:image\/gif;base64,R0lGODlhEAAJAIAAAP\/\/\/wAAACH5BAEAAAAALAAAAAAQAAkAAAIKhI+py+0Po5yUFQA7\u0022\/\u003E\u003Ciframe src=\u0022https:\/\/dataviz.oieau.fr\/fr\/node\/1218\/embed?mode=iframe\u0022 scrolling=\u0022no\u0022 frameborder=\u00220\u0022 allowfullscreen style=\u0022overflow:hidden;width:100%;height:100%;position:absolute;top:0;left:0;\u0022\u003E\u003C\/iframe\u003E\u003C\/div\u003E","status":"1","unite":"nombre"},{"identifier":"5608af3e-5519-4d4c-95a9-ec04b49125ae","id":"47","title":"Evolution du nombre de SAGE par \u00e9tat d\u0027avancement","created":"2017-11-15","changed":"2021-10-13","themes":"Gestion de la ressource en eau","subject":"Planification","description":"\u003Cp\u003ELes \u003Ca href=\u0022http:\/\/www.glossaire-eau.fr\/concept\/schema-damenagement-et-de-gestion-des-eaux\u0022\u003Esch\u00e9mas d\u0027am\u00e9nagement et de gestion de l\u0027eau \u003C\/a\u003E(SAGE) sont des outils de planification visant la gestion \u00e9quilibr\u00e9e et durable de la ressource en eau. Les \u00e9tapes d\u0027\u00e9laboration d\u0027un SAGE sont marqu\u00e9es par la signature d\u0027arr\u00eat\u00e9s pr\u00e9fectoraux qui d\u00e9terminent son \u00e9tat d\u0027avancement : non d\u00e9marr\u00e9, \u00e9mergence, instruction (arr\u00eat\u00e9 de d\u00e9finition du p\u00e9rim\u00e8tre), \u00e9laboration (arr\u00eat\u00e9 de constitution de la CLE), mise en oeuvre (arr\u00eat\u00e9 d\u0027approbation du SAGE), r\u00e9vision.\u003C\/p\u003E\r\n","licence":"CC BY 3.0 FR","relation":["https:\/\/www.oieau.fr\/node\/12061"],"relation_title":"Nombre de SAGE","creator":"OIEau","publisher":"OIEau","language":"fr","coverage":"France m\u00e9tropolitaine et Drom","source-name":"Gest\u0026#039;eau : Chiffres cl\u00e9s","situation":false,"source":["http:\/\/www.gesteau.fr\/chiffres-cles\/sage"],"frequence_maj":false,"dataset":"[[\u0022\u0022,\u0022En cours de r\u00e9vision\u0022,\u0022Mis en oeuvre\u0022,\u0022Elaboration\u0022,\u0022Instruction\u0022,\u0022Emergence\u0022,\u0022Non d\u00e9marr\u00e9\u0022],[\u00222008\u0022,\u00220\u0022,\u002240\u0022,\u002283\u0022,\u00229\u0022,\u002211\u0022,\u00220\u0022],[\u00222009\u0022,\u00220\u0022,\u002244\u0022,\u002284\u0022,\u00227\u0022,\u002213\u0022,\u00220\u0022],[\u00222010\u0022,\u002243\u0022,\u00227\u0022,\u002289\u0022,\u00228\u0022,\u002219\u0022,\u00220\u0022],[\u00222011\u0022,\u002244\u0022,\u002210\u0022,\u002292\u0022,\u00227\u0022,\u002212\u0022,\u00224\u0022],[\u00222012\u0022,\u002244\u0022,\u002219\u0022,\u002294\u0022,\u00226\u0022,\u00224\u0022,\u00224\u0022],[\u00222013\u0022,\u002242\u0022,\u002225\u0022,\u002298\u0022,\u00222\u0022,\u00227\u0022,\u00222\u0022],[\u00222014\u0022,\u002237\u0022,\u002235\u0022,\u002297\u0022,\u00222\u0022,\u00225\u0022,\u00222\u0022],[\u00222015\u0022,\u002234\u0022,\u002243\u0022,\u002295\u0022,\u00222\u0022,\u00223\u0022,\u00221\u0022],[\u00222016\u0022,\u002215\u0022,\u002286\u0022,\u002275\u0022,\u00224\u0022,\u00222\u0022,\u00220\u0022],[\u00222017\u0022,\u00229\u0022,\u002299\u0022,\u002271\u0022,\u00222\u0022,\u00221\u0022,\u00220\u0022],[\u00222018\u0022,\u00229\u0022,\u0022109\u0022,\u002262\u0022,\u00223\u0022,\u00220\u0022,\u00221\u0022],[\u00222019\u0022,\u002210\u0022,\u0022121\u0022,\u002250\u0022,\u00223\u0022,\u00220\u0022,\u00227\u0022],[\u00222020\u0022,\u002214\u0022,\u0022126\u0022,\u002240\u0022,\u00223\u0022,\u00221\u0022,\u00227\u0022],[\u00222021\u0022,\u002214\u0022,\u0022139\u0022,\u002228\u0022,\u00223\u0022,\u00224\u0022,\u00225\u0022]]","chart-conf":"{\u0022chart\u0022:{\u0022type\u0022:\u0022column\u0022,\u0022renderTo\u0022:{\u0022__EV_STORE_KEY@7\u0022:{}}},\u0022xAxis\u0022:[{\u0022type\u0022:\u0022category\u0022,\u0022index\u0022:0,\u0022isX\u0022:true}],\u0022yAxis\u0022:[{\u0022title\u0022:{\u0022text\u0022:\u0022Nombre de SAGE\u0022},\u0022index\u0022:0}],\u0022plotOptions\u0022:{\u0022series\u0022:{\u0022stacking\u0022:\u0022normal\u0022}},\u0022colors\u0022:[\u0022#bb63ac\u0022,\u0022#ffcba2\u0022,\u0022#8ac6e4\u0022,\u0022#bede70\u0022,\u0022#ffff19\u0022,\u0022#d6c8a2\u0022,\u0022#e4d354\u0022,\u0022#2b908f\u0022,\u0022#f45b5b\u0022,\u0022#91e8e1\u0022],\u0022credits\u0022:{\u0022text\u0022:\u0022OIEau\u0022,\u0022href\u0022:\u0022http:\/\/www.oieau.fr\/\u0022,\u0022enabled\u0022:false},\u0022series\u0022:[{\u0022type\u0022:\u0022column\u0022,\u0022animation\u0022:false,\u0022data\u0022:[{\u0022y\u0022:0,\u0022x\u0022:2008},{\u0022y\u0022:0,\u0022x\u0022:2009},{\u0022y\u0022:43,\u0022x\u0022:2010},{\u0022y\u0022:44,\u0022x\u0022:2011},{\u0022y\u0022:44,\u0022x\u0022:2012},{\u0022y\u0022:42,\u0022x\u0022:2013},{\u0022y\u0022:37,\u0022x\u0022:2014},{\u0022y\u0022:34,\u0022x\u0022:2015},{\u0022y\u0022:15,\u0022x\u0022:2016},{\u0022y\u0022:9,\u0022x\u0022:2017},{\u0022y\u0022:9,\u0022x\u0022:2018},{\u0022y\u0022:10,\u0022x\u0022:2019},{\u0022y\u0022:14,\u0022x\u0022:2020},{\u0022y\u0022:14,\u0022x\u0022:2021}],\u0022name\u0022:\u0022En cours de r\u00e9vision\u0022,\u0022_colorIndex\u0022:0},{\u0022type\u0022:\u0022column\u0022,\u0022animation\u0022:false,\u0022data\u0022:[{\u0022y\u0022:40,\u0022x\u0022:2008},{\u0022y\u0022:44,\u0022x\u0022:2009},{\u0022y\u0022:7,\u0022x\u0022:2010},{\u0022y\u0022:10,\u0022x\u0022:2011},{\u0022y\u0022:19,\u0022x\u0022:2012},{\u0022y\u0022:25,\u0022x\u0022:2013},{\u0022y\u0022:35,\u0022x\u0022:2014},{\u0022y\u0022:43,\u0022x\u0022:2015},{\u0022y\u0022:86,\u0022x\u0022:2016},{\u0022y\u0022:99,\u0022x\u0022:2017},{\u0022y\u0022:109,\u0022x\u0022:2018},{\u0022y\u0022:121,\u0022x\u0022:2019},{\u0022y\u0022:126,\u0022x\u0022:2020},{\u0022y\u0022:139,\u0022x\u0022:2021}],\u0022name\u0022:\u0022Mis en oeuvre\u0022,\u0022_colorIndex\u0022:1},{\u0022type\u0022:\u0022column\u0022,\u0022animation\u0022:false,\u0022data\u0022:[{\u0022y\u0022:83,\u0022x\u0022:2008},{\u0022y\u0022:84,\u0022x\u0022:2009},{\u0022y\u0022:89,\u0022x\u0022:2010},{\u0022y\u0022:92,\u0022x\u0022:2011},{\u0022y\u0022:94,\u0022x\u0022:2012},{\u0022y\u0022:98,\u0022x\u0022:2013},{\u0022y\u0022:97,\u0022x\u0022:2014},{\u0022y\u0022:95,\u0022x\u0022:2015},{\u0022y\u0022:75,\u0022x\u0022:2016},{\u0022y\u0022:71,\u0022x\u0022:2017},{\u0022y\u0022:62,\u0022x\u0022:2018},{\u0022y\u0022:50,\u0022x\u0022:2019},{\u0022y\u0022:40,\u0022x\u0022:2020},{\u0022y\u0022:28,\u0022x\u0022:2021}],\u0022name\u0022:\u0022Elaboration\u0022,\u0022_colorIndex\u0022:2},{\u0022type\u0022:\u0022column\u0022,\u0022animation\u0022:false,\u0022data\u0022:[{\u0022y\u0022:9,\u0022x\u0022:2008},{\u0022y\u0022:7,\u0022x\u0022:2009},{\u0022y\u0022:8,\u0022x\u0022:2010},{\u0022y\u0022:7,\u0022x\u0022:2011},{\u0022y\u0022:6,\u0022x\u0022:2012},{\u0022y\u0022:2,\u0022x\u0022:2013},{\u0022y\u0022:2,\u0022x\u0022:2014},{\u0022y\u0022:2,\u0022x\u0022:2015},{\u0022y\u0022:4,\u0022x\u0022:2016},{\u0022y\u0022:2,\u0022x\u0022:2017},{\u0022y\u0022:3,\u0022x\u0022:2018},{\u0022y\u0022:3,\u0022x\u0022:2019},{\u0022y\u0022:3,\u0022x\u0022:2020},{\u0022y\u0022:3,\u0022x\u0022:2021}],\u0022name\u0022:\u0022Instruction\u0022,\u0022_colorIndex\u0022:3},{\u0022type\u0022:\u0022column\u0022,\u0022animation\u0022:false,\u0022data\u0022:[{\u0022y\u0022:11,\u0022x\u0022:2008},{\u0022y\u0022:13,\u0022x\u0022:2009},{\u0022y\u0022:19,\u0022x\u0022:2010},{\u0022y\u0022:12,\u0022x\u0022:2011},{\u0022y\u0022:4,\u0022x\u0022:2012},{\u0022y\u0022:7,\u0022x\u0022:2013},{\u0022y\u0022:5,\u0022x\u0022:2014},{\u0022y\u0022:3,\u0022x\u0022:2015},{\u0022y\u0022:2,\u0022x\u0022:2016},{\u0022y\u0022:1,\u0022x\u0022:2017},{\u0022y\u0022:0,\u0022x\u0022:2018},{\u0022y\u0022:0,\u0022x\u0022:2019},{\u0022y\u0022:1,\u0022x\u0022:2020},{\u0022y\u0022:4,\u0022x\u0022:2021}],\u0022name\u0022:\u0022Emergence\u0022,\u0022_colorIndex\u0022:4},{\u0022type\u0022:\u0022column\u0022,\u0022animation\u0022:false,\u0022data\u0022:[{\u0022y\u0022:0,\u0022x\u0022:2008},{\u0022y\u0022:0,\u0022x\u0022:2009},{\u0022y\u0022:0,\u0022x\u0022:2010},{\u0022y\u0022:4,\u0022x\u0022:2011},{\u0022y\u0022:4,\u0022x\u0022:2012},{\u0022y\u0022:2,\u0022x\u0022:2013},{\u0022y\u0022:2,\u0022x\u0022:2014},{\u0022y\u0022:1,\u0022x\u0022:2015},{\u0022y\u0022:0,\u0022x\u0022:2016},{\u0022y\u0022:0,\u0022x\u0022:2017},{\u0022y\u0022:1,\u0022x\u0022:2018},{\u0022y\u0022:7,\u0022x\u0022:2019},{\u0022y\u0022:7,\u0022x\u0022:2020},{\u0022y\u0022:5,\u0022x\u0022:2021}],\u0022name\u0022:\u0022Non d\u00e9marr\u00e9\u0022,\u0022_colorIndex\u0022:5}],\u0022title\u0022:{}}","iframe":"\u003Cdiv style=\u0022height:510px;position:relative;\u0022\u003E\u003Cimg style=\u0022display:block;width:100%;height:auto;\u0022 src=\u0022data:image\/gif;base64,R0lGODlhEAAJAIAAAP\/\/\/wAAACH5BAEAAAAALAAAAAAQAAkAAAIKhI+py+0Po5yUFQA7\u0022\/\u003E\u003Ciframe src=\u0022https:\/\/dataviz.oieau.fr\/fr\/node\/47\/embed?mode=iframe\u0022 scrolling=\u0022no\u0022 frameborder=\u00220\u0022 allowfullscreen style=\u0022overflow:hidden;width:100%;height:100%;position:absolute;top:0;left:0;\u0022\u003E\u003C\/iframe\u003E\u003C\/div\u003E","status":"1","unite":""},{"identifier":"9b637ce4-4a92-4929-a2d0-4aabb323150e","id":"46","title":"Evolution du nombre de p\u00eacheurs s\u0027acquittant de la cotisation \u0022p\u00eache et milieu aquatique\u0022 en France","created":"2017-11-15","changed":"2021-12-08","themes":"Milieux aquatiques","subject":"P\u00eache et aquaculture, Loisir","description":"En France, pour p\u00eacher en eau douce (sur le domaine public et sur les lots g\u00e9r\u00e9s par les associations de p\u00eache), il faut \u00eatre titulaire d\u0027une carte de p\u00eache. Le montant de cette carte comprend une cotisation \u0022p\u00eache et milieu aquatique\u0022 qui permet de financer les missions d\u2019int\u00e9r\u00eat g\u00e9n\u00e9ral des associations et f\u00e9d\u00e9rations de p\u00eache et la protection du milieu aquatique.","licence":"CC BY 3.0 FR","relation":["https:\/\/www.oieau.fr\/node\/12735"],"relation_title":"Nombre de p\u00eacheurs s\u0027acquittant de la cotisation \u0022p\u00eache et milieu aquatique\u0022","creator":"OIEau","publisher":"OIEau","language":"fr","coverage":"France m\u00e9tropolitaine et Drom","source-name":"","situation":"Toujours d\u0027actualit\u00e9","source":[],"frequence_maj":"Annuelle","dataset":"[[null,\u0022Nombre de p\u00eacheurs\u0022],[\u00221993\u0022,\u00222262503\u0022],[\u00221994\u0022,\u00222282126\u0022],[\u00221995\u0022,\u00222251138\u0022],[\u00221996\u0022,\u00222203548\u0022],[\u00221997\u0022,\u00222131809\u0022],[\u00221998\u0022,\u00222056471\u0022],[\u00221999\u0022,\u00222009956\u0022],[\u00222000\u0022,\u00221903514\u0022],[\u00222001\u0022,\u00221841799\u0022],[\u00222002\u0022,\u00221660429\u0022],[\u00222003\u0022,\u00221661800\u0022],[\u00222004\u0022,\u00221590252\u0022],[\u00222005\u0022,\u00221445858\u0022],[\u00222006\u0022,\u00221329899\u0022],[\u00222007\u0022,\u00221411840\u0022],[\u00222008\u0022,\u00221371510\u0022],[\u00222009\u0022,\u00221414185\u0022],[\u00222010\u0022,\u00221329430\u0022],[\u00222011\u0022,\u00221321872\u0022],[\u00222012\u0022,\u00221319314\u0022],[\u00222013\u0022,\u00221278837\u0022],[\u00222014\u0022,\u00221559207\u0022],[\u00222015\u0022,\u00221559271\u0022],[\u00222016\u0022,\u00221032731\u0022],[\u00222017\u0022,\u00221214979\u0022],[\u00222018\u0022,\u00221459939\u0022],[\u00222019\u0022,\u00221418155\u0022],[\u00222020\u0022,\u00221470193\u0022]]","chart-conf":"{\u0022chart\u0022:{\u0022type\u0022:\u0022column\u0022,\u0022renderTo\u0022:{\u0022__EV_STORE_KEY@7\u0022:{}}},\u0022xAxis\u0022:[{\u0022type\u0022:\u0022category\u0022,\u0022index\u0022:0,\u0022isX\u0022:true}],\u0022yAxis\u0022:[{\u0022title\u0022:{\u0022text\u0022:\u0022Nombre de cartes de p\u00eaches d\u00e9livr\u00e9es\u0022},\u0022index\u0022:0}],\u0022title\u0022:{\u0022text\u0022:\u0022Nombre de cartes de p\u00eaches d\u00e9livr\u00e9es en France\u0022},\u0022colors\u0022:[\u0022#7cec93\u0022,\u0022#434348\u0022,\u0022#90ed7d\u0022,\u0022#f7a35c\u0022,\u0022#8085e9\u0022,\u0022#f15c80\u0022,\u0022#e4d354\u0022,\u0022#2b908f\u0022,\u0022#f45b5b\u0022,\u0022#91e8e1\u0022],\u0022plotOptions\u0022:{\u0022series\u0022:{\u0022dataLabels\u0022:{}}},\u0022credits\u0022:{\u0022text\u0022:\u0022OIEau\u0022,\u0022href\u0022:\u0022http:\/\/www.oieau.fr\u0022},\u0022series\u0022:[{\u0022type\u0022:\u0022column\u0022,\u0022animation\u0022:false,\u0022data\u0022:[{\u0022y\u0022:2262503,\u0022x\u0022:1993},{\u0022y\u0022:2282126,\u0022x\u0022:1994},{\u0022y\u0022:2251138,\u0022x\u0022:1995},{\u0022y\u0022:2203548,\u0022x\u0022:1996},{\u0022y\u0022:2131809,\u0022x\u0022:1997},{\u0022y\u0022:2056471,\u0022x\u0022:1998},{\u0022y\u0022:2009956,\u0022x\u0022:1999},{\u0022y\u0022:1903514,\u0022x\u0022:2000},{\u0022y\u0022:1841799,\u0022x\u0022:2001},{\u0022y\u0022:1660429,\u0022x\u0022:2002},{\u0022y\u0022:1661800,\u0022x\u0022:2003},{\u0022y\u0022:1590252,\u0022x\u0022:2004},{\u0022y\u0022:1445858,\u0022x\u0022:2005},{\u0022y\u0022:1329899,\u0022x\u0022:2006},{\u0022y\u0022:1411840,\u0022x\u0022:2007},{\u0022y\u0022:1371510,\u0022x\u0022:2008},{\u0022y\u0022:1414185,\u0022x\u0022:2009},{\u0022y\u0022:1329430,\u0022x\u0022:2010},{\u0022y\u0022:1321872,\u0022x\u0022:2011},{\u0022y\u0022:1319314,\u0022x\u0022:2012},{\u0022y\u0022:1278837,\u0022x\u0022:2013},{\u0022y\u0022:1559207,\u0022x\u0022:2014},{\u0022y\u0022:1559271,\u0022x\u0022:2015},{\u0022y\u0022:1032731,\u0022x\u0022:2016},{\u0022y\u0022:1214979,\u0022x\u0022:2017},{\u0022y\u0022:1459939,\u0022x\u0022:2018},{\u0022y\u0022:1418155,\u0022x\u0022:2019},{\u0022y\u0022:1470193,\u0022x\u0022:2020}],\u0022name\u0022:\u0022Nombre de p\u00eacheurs\u0022,\u0022_colorIndex\u0022:0}]}","iframe":"\u003Cdiv style=\u0022height:510px;position:relative;\u0022\u003E\u003Cimg style=\u0022display:block;width:100%;height:auto;\u0022 src=\u0022data:image\/gif;base64,R0lGODlhEAAJAIAAAP\/\/\/wAAACH5BAEAAAAALAAAAAAQAAkAAAIKhI+py+0Po5yUFQA7\u0022\/\u003E\u003Ciframe src=\u0022https:\/\/dataviz.oieau.fr\/fr\/node\/46\/embed?mode=iframe\u0022 scrolling=\u0022no\u0022 frameborder=\u00220\u0022 allowfullscreen style=\u0022overflow:hidden;width:100%;height:100%;position:absolute;top:0;left:0;\u0022\u003E\u003C\/iframe\u003E\u003C\/div\u003E","status":"1","unite":"nombre"},{"identifier":"7e164d04-0924-4edb-b80a-ca20114afebd","id":"44","title":"Evolution de la d\u00e9pense mensuelle moyenne par m\u00e9nage pour la facture d\u0027eau","created":"2017-11-15","changed":"2021-12-08","themes":"Eau potable et assainissement","subject":"Prix de l\u0026#039;eau, Eau potable, Assainissement","description":"La d\u00e9pense mensuelle moyenne par m\u00e9nage pour la facture d\u0027eau est \u00e9tablie sur la base d\u0027une consommation annuelle d\u0027un m\u00e9nage estim\u00e9e \u00e0 120 m3.","licence":"CC BY 3.0 FR","relation":["https:\/\/www.oieau.fr\/node\/13131"],"relation_title":"Montant annuel moyen de la facture d\u0027eau","creator":"OIEau","publisher":"OIEau","language":"fr","coverage":"France m\u00e9tropolitaine et Drom","source-name":"http:\/\/www.services.eaufrance.fr","situation":"Toujours d\u0027actualit\u00e9","source":["http:\/\/www.services.eaufrance.fr"],"frequence_maj":"Annuelle","dataset":"[[null,\u0022D\u00e9pense mensuelle (\u20ac TTC)\u0022],[\u00222009\u0022,\u002236.2\u0022],[\u00222010\u0022,\u002236.6\u0022],[\u00222011\u0022,\u002237.8\u0022],[\u00222012\u0022,\u002238.5\u0022],[\u00222013\u0022,\u002239.2\u0022],[\u00222014\u0022,\u002239.8\u0022],[\u00222015\u0022,\u002240.4\u0022],[\u00222016\u0022,\u002240.3\u0022],[\u00222017\u0022,\u002240.8\u0022],[\u00222018\u0022,\u002241.4\u0022],[\u00222019\u0022,\u002241.90\u0022]]","chart-conf":"{\u0022chart\u0022:{\u0022type\u0022:\u0022column\u0022,\u0022renderTo\u0022:{\u0022__EV_STORE_KEY@7\u0022:{}}},\u0022xAxis\u0022:[{\u0022type\u0022:\u0022category\u0022,\u0022index\u0022:0,\u0022isX\u0022:true}],\u0022yAxis\u0022:[{\u0022index\u0022:0,\u0022title\u0022:{\u0022text\u0022:\u0022\u20ac TTC\u0022}}],\u0022title\u0022:{\u0022text\u0022:\u0022Evolution de la d\u00e9pense mensuelle moyenne par m\u00e9nage pour la facture d\u0027eau\u0022},\u0022series\u0022:[{\u0022type\u0022:\u0022column\u0022,\u0022animation\u0022:false,\u0022data\u0022:[{\u0022y\u0022:36.2,\u0022x\u0022:2009},{\u0022y\u0022:36.6,\u0022x\u0022:2010},{\u0022y\u0022:37.8,\u0022x\u0022:2011},{\u0022y\u0022:38.5,\u0022x\u0022:2012},{\u0022y\u0022:39.2,\u0022x\u0022:2013},{\u0022y\u0022:39.8,\u0022x\u0022:2014},{\u0022y\u0022:40.4,\u0022x\u0022:2015},{\u0022y\u0022:40.3,\u0022x\u0022:2016},{\u0022y\u0022:40.8,\u0022x\u0022:2017},{\u0022y\u0022:41.4,\u0022x\u0022:2018},{\u0022y\u0022:41.9,\u0022x\u0022:2019}],\u0022name\u0022:\u0022D\u00e9pense (\u20acTTC)\u0022,\u0022_colorIndex\u0022:0}],\u0022colors\u0022:[\u0022#415b74\u0022,\u0022#434348\u0022,\u0022#90ed7d\u0022,\u0022#f7a35c\u0022,\u0022#8085e9\u0022,\u0022#f15c80\u0022,\u0022#e4d354\u0022,\u0022#2b908f\u0022,\u0022#f45b5b\u0022,\u0022#91e8e1\u0022],\u0022plotOptions\u0022:{\u0022series\u0022:{\u0022dataLabels\u0022:{\u0022format\u0022:\u0022\u20ac TTC\u0022}}},\u0022credits\u0022:{\u0022text\u0022:\u0022OIEau\u0022,\u0022href\u0022:\u0022http:\/\/www.oieau.fr\u0022,\u0022enabled\u0022:false}}","iframe":"\u003Cdiv style=\u0022height:510px;position:relative;\u0022\u003E\u003Cimg style=\u0022display:block;width:100%;height:auto;\u0022 src=\u0022data:image\/gif;base64,R0lGODlhEAAJAIAAAP\/\/\/wAAACH5BAEAAAAALAAAAAAQAAkAAAIKhI+py+0Po5yUFQA7\u0022\/\u003E\u003Ciframe src=\u0022https:\/\/dataviz.oieau.fr\/fr\/node\/44\/embed?mode=iframe\u0022 scrolling=\u0022no\u0022 frameborder=\u00220\u0022 allowfullscreen style=\u0022overflow:hidden;width:100%;height:100%;position:absolute;top:0;left:0;\u0022\u003E\u003C\/iframe\u003E\u003C\/div\u003E","status":"1","unite":""},{"identifier":"2026a12b-0b71-4fed-91f5-34a66e929689","id":"7","title":"Evolution du nombre de services publics d\u0027eau par comp\u00e9tence","created":"2017-03-10","changed":"2021-12-08","themes":"Eau potable et assainissement","subject":"Service public","description":false,"licence":"CC BY 3.0 FR","relation":["https:\/\/www.oieau.fr\/node\/13138","https:\/\/www.oieau.fr\/node\/13139","https:\/\/www.oieau.fr\/node\/13140"],"relation_title":"Nombre de services publics d\u0027eau potable","creator":"OIEau","publisher":"OIEau","language":"fr","coverage":"France m\u00e9tropolitaine et Drom","source-name":"Documents de synth\u00e8se sur les services publics d\u0026#039;eau et d\u0026#039;assainissement","situation":"Toujours d\u0027actualit\u00e9","source":["http:\/\/www.services.eaufrance.fr\/panorama\/rapports"],"frequence_maj":"Annuelle","dataset":"[[\u0022\u0022,\u0022Eau potable\u0022,\u0022Assainissement Collectif\u0022,\u0022Assainissement Non Collectif\u0022],[\u00222008\u0022,\u002213367\u0022,\u002215908\u0022,\u00222518\u0022],[\u00222009\u0022,\u002213464\u0022,\u002216255\u0022,\u00223025\u0022],[\u00222010\u0022,\u002213404\u0022,\u002216227\u0022,\u00223391\u0022],[\u00222011\u0022,\u002213273\u0022,\u002216324\u0022,\u00223667\u0022],[\u00222012\u0022,\u002213156\u0022,\u002216301\u0022,\u00223942\u0022],[\u00222013\u0022,\u002212862\u0022,\u002216046\u0022,\u00223986\u0022],[\u00222014\u0022,\u002212480\u0022,\u002215567\u0022,\u00223703\u0022],[\u00222015\u0022,\u002212306\u0022,\u002215410\u0022,\u00223616\u0022],[\u00222016\u0022,\u002212245\u0022,\u002215334\u0022,\u00223591\u0022],[\u00222017\u0022,\u002212577\u0022,\u002215645\u0022,\u00223184\u0022],[\u00222018\u0022,\u002212098\u0022,\u002214356\u0022,\u00222920\u0022],[\u00222019\u0022,\u002211575\u0022,\u002213547\u0022,\u00222732\u0022]]","chart-conf":"{\u0022chart\u0022:{\u0022type\u0022:\u0022line\u0022,\u0022renderTo\u0022:{\u0022__EV_STORE_KEY@7\u0022:{}}},\u0022xAxis\u0022:[{\u0022type\u0022:\u0022category\u0022,\u0022index\u0022:0,\u0022isX\u0022:true}],\u0022yAxis\u0022:[{\u0022index\u0022:0,\u0022title\u0022:{\u0022text\u0022:\u0022Nombre de services\u0022}}],\u0022title\u0022:{\u0022text\u0022:\u0022 \u0022},\u0022colors\u0022:[\u0022#3D6096\u0022,\u0022#80A142\u0022,\u0022#D69A23\u0022,\u0022#f7a35c\u0022,\u0022#8085e9\u0022,\u0022#f15c80\u0022,\u0022#e4d354\u0022,\u0022#2b908f\u0022,\u0022#f45b5b\u0022,\u0022#91e8e1\u0022],\u0022plotOptions\u0022:{\u0022series\u0022:{\u0022dataLabels\u0022:{}}},\u0022tooltip\u0022:{},\u0022series\u0022:[{\u0022type\u0022:\u0022line\u0022,\u0022animation\u0022:false,\u0022data\u0022:[{\u0022y\u0022:13367,\u0022x\u0022:2008},{\u0022y\u0022:13464,\u0022x\u0022:2009},{\u0022y\u0022:13404,\u0022x\u0022:2010},{\u0022y\u0022:13273,\u0022x\u0022:2011},{\u0022y\u0022:13156,\u0022x\u0022:2012},{\u0022y\u0022:12862,\u0022x\u0022:2013},{\u0022y\u0022:12480,\u0022x\u0022:2014},{\u0022y\u0022:12306,\u0022x\u0022:2015},{\u0022y\u0022:12245,\u0022x\u0022:2016},{\u0022y\u0022:12577,\u0022x\u0022:2017},{\u0022y\u0022:12098,\u0022x\u0022:2018},{\u0022y\u0022:11575,\u0022x\u0022:2019}],\u0022name\u0022:\u0022Eau potable\u0022,\u0022_colorIndex\u0022:0,\u0022_symbolIndex\u0022:0},{\u0022type\u0022:\u0022line\u0022,\u0022animation\u0022:false,\u0022data\u0022:[{\u0022y\u0022:15908,\u0022x\u0022:2008},{\u0022y\u0022:16255,\u0022x\u0022:2009},{\u0022y\u0022:16227,\u0022x\u0022:2010},{\u0022y\u0022:16324,\u0022x\u0022:2011},{\u0022y\u0022:16301,\u0022x\u0022:2012},{\u0022y\u0022:16046,\u0022x\u0022:2013},{\u0022y\u0022:15567,\u0022x\u0022:2014},{\u0022y\u0022:15410,\u0022x\u0022:2015},{\u0022y\u0022:15334,\u0022x\u0022:2016},{\u0022y\u0022:15645,\u0022x\u0022:2017},{\u0022y\u0022:14356,\u0022x\u0022:2018},{\u0022y\u0022:13547,\u0022x\u0022:2019}],\u0022name\u0022:\u0022Assainissement Collectif\u0022,\u0022_colorIndex\u0022:1,\u0022_symbolIndex\u0022:1},{\u0022type\u0022:\u0022line\u0022,\u0022animation\u0022:false,\u0022data\u0022:[{\u0022y\u0022:2518,\u0022x\u0022:2008},{\u0022y\u0022:3025,\u0022x\u0022:2009},{\u0022y\u0022:3391,\u0022x\u0022:2010},{\u0022y\u0022:3667,\u0022x\u0022:2011},{\u0022y\u0022:3942,\u0022x\u0022:2012},{\u0022y\u0022:3986,\u0022x\u0022:2013},{\u0022y\u0022:3703,\u0022x\u0022:2014},{\u0022y\u0022:3616,\u0022x\u0022:2015},{\u0022y\u0022:3591,\u0022x\u0022:2016},{\u0022y\u0022:3184,\u0022x\u0022:2017},{\u0022y\u0022:2920,\u0022x\u0022:2018},{\u0022y\u0022:2732,\u0022x\u0022:2019}],\u0022name\u0022:\u0022Assainissement Non Collectif\u0022,\u0022_colorIndex\u0022:2,\u0022_symbolIndex\u0022:2}],\u0022credits\u0022:{\u0022text\u0022:\u0022OIEau\u0022,\u0022href\u0022:\u0022http:\/\/www.oieau.org\u0022}}","iframe":"\u003Cdiv style=\u0022height:510px;position:relative;\u0022\u003E\u003Cimg style=\u0022display:block;width:100%;height:auto;\u0022 src=\u0022data:image\/gif;base64,R0lGODlhEAAJAIAAAP\/\/\/wAAACH5BAEAAAAALAAAAAAQAAkAAAIKhI+py+0Po5yUFQA7\u0022\/\u003E\u003Ciframe src=\u0022https:\/\/dataviz.oieau.fr\/fr\/node\/7\/embed?mode=iframe\u0022 scrolling=\u0022no\u0022 frameborder=\u00220\u0022 allowfullscreen style=\u0022overflow:hidden;width:100%;height:100%;position:absolute;top:0;left:0;\u0022\u003E\u003C\/iframe\u003E\u003C\/div\u003E","status":"1","unite":""},{"identifier":"f8f8a4b6-b874-49dc-975d-138635484684","id":"4","title":"Evolution du nombre de collectivit\u00e9s en charge d\u0027au moins un service d\u0027eau potable ou d\u0027assainissement en France","created":"2017-03-10","changed":"2021-12-08","themes":"Eau potable et assainissement","subject":"Service public","description":false,"licence":"CC BY 3.0 FR","relation":[],"relation_title":"","creator":"OIEau","publisher":"OIEau","language":"fr","coverage":"France m\u00e9tropolitaine et Drom","source-name":"","situation":"Toujours d\u0027actualit\u00e9","source":[],"frequence_maj":"Annuelle","dataset":"[[\u0022\u0022,\u0022Nombre de collectivit\u00e9s\u0022],[\u00222010\u0022,\u002224033\u0022],[\u00222011\u0022,\u002224179\u0022],[\u00222012\u0022,\u002224162\u0022],[\u00222013\u0022,\u002223688\u0022],[\u00222014\u0022,\u002222787\u0022],[\u00222015\u0022,\u002222208\u0022],[\u00222016\u0022,\u002221488\u0022],[\u00222017\u0022,\u002220094\u0022],[\u00222018\u0022,\u002218028\u0022],[\u00222019\u0022,\u002216890\u0022]]","chart-conf":"{\u0022chart\u0022:{\u0022type\u0022:\u0022column\u0022,\u0022renderTo\u0022:{\u0022__EV_STORE_KEY@7\u0022:{}}},\u0022xAxis\u0022:[{\u0022type\u0022:\u0022category\u0022,\u0022title\u0022:{},\u0022index\u0022:0,\u0022isX\u0022:true}],\u0022yAxis\u0022:[{\u0022title\u0022:{\u0022text\u0022:\u0022Nombre de collectivit\u00e9s\u0022},\u0022labels\u0022:{},\u0022tickWidth\u0022:0,\u0022min\u0022:15000,\u0022max\u0022:25000,\u0022type\u0022:\u0022linear\u0022,\u0022tickInterval\u0022:500,\u0022index\u0022:0,\u0022maxColor\u0022:\u0022#102d4c\u0022,\u0022minColor\u0022:\u0022#efefff\u0022}],\u0022title\u0022:{\u0022text\u0022:\u0022 Evolution du nombre de collectivit\u00e9s en charge d\u0027au moins un service d\u0027eau potable ou d\u0027assainissement en France\u0022},\u0022series\u0022:[{\u0022type\u0022:\u0022column\u0022,\u0022animation\u0022:false,\u0022data\u0022:[{\u0022y\u0022:24033,\u0022x\u0022:2010},{\u0022y\u0022:24179,\u0022x\u0022:2011},{\u0022y\u0022:24162,\u0022x\u0022:2012},{\u0022y\u0022:23688,\u0022x\u0022:2013},{\u0022y\u0022:22787,\u0022x\u0022:2014},{\u0022y\u0022:22208,\u0022x\u0022:2015},{\u0022y\u0022:21488,\u0022x\u0022:2016},{\u0022y\u0022:20094,\u0022x\u0022:2017},{\u0022y\u0022:18028,\u0022x\u0022:2018},{\u0022y\u0022:16890,\u0022x\u0022:2019}],\u0022name\u0022:\u0022Nombre de collectivit\u00e9s\u0022,\u0022_colorIndex\u0022:0}],\u0022credits\u0022:{\u0022enabled\u0022:false}}","iframe":"\u003Cdiv style=\u0022height:510px;position:relative;\u0022\u003E\u003Cimg style=\u0022display:block;width:100%;height:auto;\u0022 src=\u0022data:image\/gif;base64,R0lGODlhEAAJAIAAAP\/\/\/wAAACH5BAEAAAAALAAAAAAQAAkAAAIKhI+py+0Po5yUFQA7\u0022\/\u003E\u003Ciframe src=\u0022https:\/\/dataviz.oieau.fr\/fr\/node\/4\/embed?mode=iframe\u0022 scrolling=\u0022no\u0022 frameborder=\u00220\u0022 allowfullscreen style=\u0022overflow:hidden;width:100%;height:100%;position:absolute;top:0;left:0;\u0022\u003E\u003C\/iframe\u003E\u003C\/div\u003E","status":"1","unite":""}]